{"id":8393,"date":"2026-02-19T15:31:35","date_gmt":"2026-02-19T14:31:35","guid":{"rendered":"https:\/\/agora.xtec.cat\/ceip-santacreu-anglesola\/?p=8393"},"modified":"2026-02-19T15:31:35","modified_gmt":"2026-02-19T14:31:35","slug":"fem-acrosport-2","status":"publish","type":"post","link":"https:\/\/agora.xtec.cat\/ceip-santacreu-anglesola\/general\/fem-acrosport-2\/","title":{"rendered":"Fem acrosport"},"content":{"rendered":"<div class=\"flex flex-col text-sm pb-25\">\n<article class=\"text-token-text-primary w-full focus:outline-none [--shadow-height:45px] has-data-writing-block:pointer-events-none has-data-writing-block:-mt-(--shadow-height) has-data-writing-block:pt-(--shadow-height) [&amp;:has([data-writing-block])&gt;*]:pointer-events-auto scroll-mt-[calc(var(--header-height)+min(200px,max(70px,20svh)))]\" dir=\"auto\" tabindex=\"-1\" data-turn-id=\"request-WEB:399a12ea-f969-4e22-ac4d-f6e989c01527-1\" data-testid=\"conversation-turn-4\" data-scroll-anchor=\"true\" data-turn=\"assistant\">\n<div class=\"text-base my-auto mx-auto pb-10 [--thread-content-margin:--spacing(4)] @w-sm\/main:[--thread-content-margin:--spacing(6)] @w-lg\/main:[--thread-content-margin:--spacing(16)] px-(--thread-content-margin)\">\n<div class=\"[--thread-content-max-width:40rem] @w-lg\/main:[--thread-content-max-width:48rem] mx-auto max-w-(--thread-content-max-width) flex-1 group\/turn-messages focus-visible:outline-hidden relative flex w-full min-w-0 flex-col agent-turn\" tabindex=\"-1\">\n<div class=\"flex max-w-full flex-col grow\">\n<div class=\"min-h-8 text-message relative flex w-full flex-col items-end gap-2 text-start break-words whitespace-normal [.text-message+&amp;]:mt-1\" dir=\"auto\" data-message-author-role=\"assistant\" data-message-id=\"acb44c54-a1fc-4bc7-9c62-5943071d2869\" data-message-model-slug=\"gpt-5-2\">\n<div class=\"flex w-full flex-col gap-1 empty:hidden first:pt-[1px]\">\n<div class=\"markdown prose dark:prose-invert w-full wrap-break-word light markdown-new-styling\">\n<p data-start=\"0\" data-end=\"324\">L\u2019\u00faltima situaci\u00f3 d\u2019aprenentatge que hem dut a terme amb el cicle inicial, ha estat dedicada a l\u2019equilibri i la iniciaci\u00f3 de l\u2019acrosport. A trav\u00e9s d\u2019aquesta proposta, l\u2019alumnat ha pogut descobrir aquesta disciplina art\u00edstica i esportiva que combina l\u2019activitat f\u00edsica amb el treball en equip, l\u2019equilibri i la confian\u00e7a.<\/p>\n<p data-start=\"326\" data-end=\"684\">Durant les sessions, hem treballat diferents figures b\u00e0siques d\u2019acrosport adaptades a la seva edat, posant especial \u00e8mfasi en la cooperaci\u00f3, la comunicaci\u00f3 i el respecte entre companys i companyes. Els infants han apr\u00e8s la import\u00e0ncia de mantenir una bona postura, repartir correctament els rols (portor, \u00e0gil i ajudant) i garantir sempre la seguretat en cada figura.<\/p>\n<p data-start=\"995\" data-end=\"1167\" data-is-last-node=\"\" data-is-only-node=\"\">Les imatges que s\u2019adjunten mostren algunes de les figures treballades a l\u2019aula, reflectint l\u2019esfor\u00e7, la implicaci\u00f3 i l\u2019evoluci\u00f3 de l\u2019alumnat al llarg d\u2019aquesta experi\u00e8ncia.<\/p>\n<\/div>\n<p data-start=\"995\" data-end=\"1167\" data-is-last-node=\"\" data-is-only-node=\"\"><a href=\"https:\/\/agora.xtec.cat\/ceip-santacreu-anglesola\/?p=8403&amp;preview=true\" target=\"_blank\" rel=\"noopener\"><img loading=\"lazy\" decoding=\"async\" class=\"aligncenter wp-image-8397 size-full\" src=\"https:\/\/agora.xtec.cat\/ceip-santacreu-anglesola\/wp-content\/uploads\/usu483\/2026\/02\/foto-1.jpg\" alt=\"\" width=\"272\" height=\"185\" \/><\/a><\/p>\n<\/div>\n<\/div>\n<\/div>\n<\/div>\n<\/div>\n<\/article>\n<\/div>\n","protected":false},"excerpt":{"rendered":"<p>L\u2019\u00faltima situaci\u00f3 d\u2019aprenentatge que hem dut a terme amb el cicle inicial, ha estat dedicada a l\u2019equilibri i la iniciaci\u00f3 de l\u2019acrosport. A trav\u00e9s d\u2019aquesta proposta, l\u2019alumnat ha pogut descobrir aquesta disciplina art\u00edstica i esportiva que combina l\u2019activitat f\u00edsica amb el treball en equip, l\u2019equilibri&hellip;  <a href=\"https:\/\/agora.xtec.cat\/ceip-santacreu-anglesola\/general\/fem-acrosport-2\/\" title=\"Read Fem acrosport\">Llegeix m\u00e9s\u00bb<\/a><\/p>\n","protected":false},"author":52,"featured_media":8397,"comment_status":"open","ping_status":"open","sticky":false,"template":"","format":"standard","meta":{"_bbp_topic_count":0,"_bbp_reply_count":0,"_bbp_total_topic_count":0,"_bbp_total_reply_count":0,"_bbp_voice_count":0,"_bbp_anonymous_reply_count":0,"_bbp_topic_count_hidden":0,"_bbp_reply_count_hidden":0,"_bbp_forum_subforum_count":0,"footnotes":""},"categories":[1,4],"tags":[],"class_list":["post-8393","post","type-post","status-publish","format-standard","has-post-thumbnail","hentry","category-general","category-portada"],"post_mailing_queue_ids":[],"_links":{"self":[{"href":"https:\/\/agora.xtec.cat\/ceip-santacreu-anglesola\/wp-json\/wp\/v2\/posts\/8393","targetHints":{"allow":["GET"]}}],"collection":[{"href":"https:\/\/agora.xtec.cat\/ceip-santacreu-anglesola\/wp-json\/wp\/v2\/posts"}],"about":[{"href":"https:\/\/agora.xtec.cat\/ceip-santacreu-anglesola\/wp-json\/wp\/v2\/types\/post"}],"author":[{"embeddable":true,"href":"https:\/\/agora.xtec.cat\/ceip-santacreu-anglesola\/wp-json\/wp\/v2\/users\/52"}],"replies":[{"embeddable":true,"href":"https:\/\/agora.xtec.cat\/ceip-santacreu-anglesola\/wp-json\/wp\/v2\/comments?post=8393"}],"version-history":[{"count":3,"href":"https:\/\/agora.xtec.cat\/ceip-santacreu-anglesola\/wp-json\/wp\/v2\/posts\/8393\/revisions"}],"predecessor-version":[{"id":8407,"href":"https:\/\/agora.xtec.cat\/ceip-santacreu-anglesola\/wp-json\/wp\/v2\/posts\/8393\/revisions\/8407"}],"wp:featuredmedia":[{"embeddable":true,"href":"https:\/\/agora.xtec.cat\/ceip-santacreu-anglesola\/wp-json\/wp\/v2\/media\/8397"}],"wp:attachment":[{"href":"https:\/\/agora.xtec.cat\/ceip-santacreu-anglesola\/wp-json\/wp\/v2\/media?parent=8393"}],"wp:term":[{"taxonomy":"category","embeddable":true,"href":"https:\/\/agora.xtec.cat\/ceip-santacreu-anglesola\/wp-json\/wp\/v2\/categories?post=8393"},{"taxonomy":"post_tag","embeddable":true,"href":"https:\/\/agora.xtec.cat\/ceip-santacreu-anglesola\/wp-json\/wp\/v2\/tags?post=8393"}],"curies":[{"name":"wp","href":"https:\/\/api.w.org\/{rel}","templated":true}]}}