{"id":8374,"date":"2026-02-09T15:49:31","date_gmt":"2026-02-09T14:49:31","guid":{"rendered":"https:\/\/agora.xtec.cat\/ceip-santacreu-anglesola\/?p=8374"},"modified":"2026-02-09T15:49:31","modified_gmt":"2026-02-09T14:49:31","slug":"aixo-ens-afecta","status":"publish","type":"post","link":"https:\/\/agora.xtec.cat\/ceip-santacreu-anglesola\/portada\/aixo-ens-afecta\/","title":{"rendered":"AIX\u00d2 ENS AFECTA"},"content":{"rendered":"<p>La setmana passada el govern de l&#8217;Estat va anunciar la prohibici\u00f3 de l&#8217;acc\u00e9s a plataformes digitals a menors de 16 anys. <a href=\"https:\/\/www.dw.com\/es\/los-pa%C3%ADses-europeos-preparan-prohibici%C3%B3n-de-redes-sociales-a-menores\/a-75853073\" target=\"_blank\" rel=\"noopener\">Molts pa\u00efsos de la UE<\/a> ja han pres mesures similars, la qual cosa demostra que estem davant d&#8217;una emerg\u00e8ncia social. Des de l&#8217;escola fa anys que estem preocupats per l&#8217;\u00fas, cada cop m\u00e9s prematur, d&#8217;eines digitals (m\u00f2bils, tauletes, IA&#8230;) sense cap mena de control.<\/p>\n<p>Compartim amb vosaltres dos articles molt interessants per reflexionar sobre aquest tema amb l&#8217;esperan\u00e7a que moltes fam\u00edlies sigueu el primer mur de contenci\u00f3 per protegir als infants d&#8217;aquest desprop\u00f2sit digital descontrolat.<\/p>\n<p><a href=\"https:\/\/www.eldiario.es\/tecnologia\/sobreestimulacion-dopamina-miedo-rechazo-redes-sociales-neurociencia-adolescentes_1_12958223.html\" target=\"_blank\" rel=\"noopener\">ARTICLE 1<\/a><\/p>\n<p><a href=\"https:\/\/mcusercontent.com\/fcde5d7742fc8fd01d55357f4\/files\/533fdfe7-a7dc-596f-fea5-f9e0446e5c4c\/Cuando_prohibir_es_necesario_por_Jordi_Juan.pdf\" target=\"_blank\" rel=\"noopener\">ARTICLE 2<\/a><\/p>\n<p><img loading=\"lazy\" decoding=\"async\" class=\"aligncenter\" src=\"https:\/\/www.informaticaforense.com.co\/wp-content\/uploads\/2017\/11\/Proteja-hijos-peligros-Internet-FotoDreamstime_MEDIMA20150509_0052_24.jpg\" alt=\"Proteja a sus hijos de los peligros de Internet - INFORM\u00c1TICA FORENSE\" width=\"407\" height=\"229\" \/><\/p>\n","protected":false},"excerpt":{"rendered":"<p>La setmana passada el govern de l&#8217;Estat va anunciar la prohibici\u00f3 de l&#8217;acc\u00e9s a plataformes digitals a menors de 16 anys. <a href=\"https:\/\/www.dw.com\/es\/los-pa%C3%ADses-europeos-preparan-prohibici%C3%B3n-de-redes-sociales-a-menores\/a-75853073\" target=\"_blank\" rel=\"noopener\">Molts pa\u00efsos de la UE<\/a> ja han pres mesures similars, la qual cosa demostra que estem davant d&#8217;una emerg\u00e8ncia social. Des&hellip;  <a href=\"https:\/\/agora.xtec.cat\/ceip-santacreu-anglesola\/portada\/aixo-ens-afecta\/\" title=\"Read AIX\u00d2 ENS AFECTA\">Llegeix m\u00e9s\u00bb<\/a><\/p>\n","protected":false},"author":11,"featured_media":0,"comment_status":"closed","ping_status":"closed","sticky":false,"template":"","format":"standard","meta":{"_bbp_topic_count":0,"_bbp_reply_count":0,"_bbp_total_topic_count":0,"_bbp_total_reply_count":0,"_bbp_voice_count":0,"_bbp_anonymous_reply_count":0,"_bbp_topic_count_hidden":0,"_bbp_reply_count_hidden":0,"_bbp_forum_subforum_count":0,"footnotes":""},"categories":[54,4],"tags":[],"class_list":["post-8374","post","type-post","status-publish","format-standard","hentry","category-articles","category-portada"],"post_mailing_queue_ids":[],"_links":{"self":[{"href":"https:\/\/agora.xtec.cat\/ceip-santacreu-anglesola\/wp-json\/wp\/v2\/posts\/8374","targetHints":{"allow":["GET"]}}],"collection":[{"href":"https:\/\/agora.xtec.cat\/ceip-santacreu-anglesola\/wp-json\/wp\/v2\/posts"}],"about":[{"href":"https:\/\/agora.xtec.cat\/ceip-santacreu-anglesola\/wp-json\/wp\/v2\/types\/post"}],"author":[{"embeddable":true,"href":"https:\/\/agora.xtec.cat\/ceip-santacreu-anglesola\/wp-json\/wp\/v2\/users\/11"}],"replies":[{"embeddable":true,"href":"https:\/\/agora.xtec.cat\/ceip-santacreu-anglesola\/wp-json\/wp\/v2\/comments?post=8374"}],"version-history":[{"count":1,"href":"https:\/\/agora.xtec.cat\/ceip-santacreu-anglesola\/wp-json\/wp\/v2\/posts\/8374\/revisions"}],"predecessor-version":[{"id":8379,"href":"https:\/\/agora.xtec.cat\/ceip-santacreu-anglesola\/wp-json\/wp\/v2\/posts\/8374\/revisions\/8379"}],"wp:attachment":[{"href":"https:\/\/agora.xtec.cat\/ceip-santacreu-anglesola\/wp-json\/wp\/v2\/media?parent=8374"}],"wp:term":[{"taxonomy":"category","embeddable":true,"href":"https:\/\/agora.xtec.cat\/ceip-santacreu-anglesola\/wp-json\/wp\/v2\/categories?post=8374"},{"taxonomy":"post_tag","embeddable":true,"href":"https:\/\/agora.xtec.cat\/ceip-santacreu-anglesola\/wp-json\/wp\/v2\/tags?post=8374"}],"curies":[{"name":"wp","href":"https:\/\/api.w.org\/{rel}","templated":true}]}}