{"id":8361,"date":"2026-02-03T14:02:15","date_gmt":"2026-02-03T13:02:15","guid":{"rendered":"https:\/\/agora.xtec.cat\/ceip-santacreu-anglesola\/?p=8361"},"modified":"2026-02-03T14:02:15","modified_gmt":"2026-02-03T13:02:15","slug":"dia-de-la-pau-2","status":"publish","type":"post","link":"https:\/\/agora.xtec.cat\/ceip-santacreu-anglesola\/general\/dia-de-la-pau-2\/","title":{"rendered":"DIA DE LA PAU"},"content":{"rendered":"<p>El passat dia 30 de gener, l\u2019escola va celebrar el Dia de la Pau. Com a acte festiu, l\u2019alumnat de sis\u00e8 va llegir el manifest que era una reflexi\u00f3 sobre els conflictes b\u00e8l\u00b7lics que tenen lloc arreu del m\u00f3n i sobre la import\u00e0ncia de l\u2019empatia i la conviv\u00e8ncia. Els\/les alumnes i professors del centre van personalitzar un s\u00edmbol de la Pau.<\/p>\n<p>La mateixa tarda vam rebre la visita dels representants de la Societat de Sant Antoni Abat. Durant la trobada, se&#8217;ls hi va lliurar els dibuixos elaborats per l\u2019alumnat relacionats amb el Museu del Carro i, com a mostra d\u2019agra\u00efment, l\u2019entitat ens va regalar un conjunt de llibres i ens va convidar a una deliciosa xocolatada.<\/p>\n<p>Agra\u00efm aquest detall i la seva companyia.<\/p>\n<p>Moltes gr\u00e0cies!!<\/p>\n<p>Cliqueu a la imatge per a veure les fotografies.<\/p>\n<p><a href=\"https:\/\/agora.xtec.cat\/ceip-santacreu-anglesola\/?p=8364&amp;preview=true\" target=\"_blank\" rel=\"noopener\"><img loading=\"lazy\" decoding=\"async\" class=\"alignnone\" src=\"https:\/\/www.stjosep.org\/wp-content\/uploads\/2023\/01\/th.jpg\" alt=\"\" width=\"246\" height=\"205\" \/><\/a><\/p>\n","protected":false},"excerpt":{"rendered":"<p>El passat dia 30 de gener, l\u2019escola va celebrar el Dia de la Pau. Com a acte festiu, l\u2019alumnat de sis\u00e8 va llegir el manifest que era una reflexi\u00f3 sobre els conflictes b\u00e8l\u00b7lics que tenen lloc arreu del m\u00f3n i sobre la import\u00e0ncia de l\u2019empatia&hellip;  <a href=\"https:\/\/agora.xtec.cat\/ceip-santacreu-anglesola\/general\/dia-de-la-pau-2\/\" title=\"Read DIA DE LA PAU\">Llegeix m\u00e9s\u00bb<\/a><\/p>\n","protected":false},"author":1,"featured_media":8362,"comment_status":"closed","ping_status":"closed","sticky":false,"template":"","format":"standard","meta":{"_bbp_topic_count":0,"_bbp_reply_count":0,"_bbp_total_topic_count":0,"_bbp_total_reply_count":0,"_bbp_voice_count":0,"_bbp_anonymous_reply_count":0,"_bbp_topic_count_hidden":0,"_bbp_reply_count_hidden":0,"_bbp_forum_subforum_count":0,"footnotes":""},"categories":[1,4],"tags":[],"class_list":["post-8361","post","type-post","status-publish","format-standard","has-post-thumbnail","hentry","category-general","category-portada"],"post_mailing_queue_ids":[],"_links":{"self":[{"href":"https:\/\/agora.xtec.cat\/ceip-santacreu-anglesola\/wp-json\/wp\/v2\/posts\/8361","targetHints":{"allow":["GET"]}}],"collection":[{"href":"https:\/\/agora.xtec.cat\/ceip-santacreu-anglesola\/wp-json\/wp\/v2\/posts"}],"about":[{"href":"https:\/\/agora.xtec.cat\/ceip-santacreu-anglesola\/wp-json\/wp\/v2\/types\/post"}],"author":[{"embeddable":true,"href":"https:\/\/agora.xtec.cat\/ceip-santacreu-anglesola\/wp-json\/wp\/v2\/users\/1"}],"replies":[{"embeddable":true,"href":"https:\/\/agora.xtec.cat\/ceip-santacreu-anglesola\/wp-json\/wp\/v2\/comments?post=8361"}],"version-history":[{"count":2,"href":"https:\/\/agora.xtec.cat\/ceip-santacreu-anglesola\/wp-json\/wp\/v2\/posts\/8361\/revisions"}],"predecessor-version":[{"id":8366,"href":"https:\/\/agora.xtec.cat\/ceip-santacreu-anglesola\/wp-json\/wp\/v2\/posts\/8361\/revisions\/8366"}],"wp:featuredmedia":[{"embeddable":true,"href":"https:\/\/agora.xtec.cat\/ceip-santacreu-anglesola\/wp-json\/wp\/v2\/media\/8362"}],"wp:attachment":[{"href":"https:\/\/agora.xtec.cat\/ceip-santacreu-anglesola\/wp-json\/wp\/v2\/media?parent=8361"}],"wp:term":[{"taxonomy":"category","embeddable":true,"href":"https:\/\/agora.xtec.cat\/ceip-santacreu-anglesola\/wp-json\/wp\/v2\/categories?post=8361"},{"taxonomy":"post_tag","embeddable":true,"href":"https:\/\/agora.xtec.cat\/ceip-santacreu-anglesola\/wp-json\/wp\/v2\/tags?post=8361"}],"curies":[{"name":"wp","href":"https:\/\/api.w.org\/{rel}","templated":true}]}}