{"id":8356,"date":"2026-01-28T12:58:31","date_gmt":"2026-01-28T11:58:31","guid":{"rendered":"https:\/\/agora.xtec.cat\/ceip-santacreu-anglesola\/?p=8356"},"modified":"2026-01-28T12:58:31","modified_gmt":"2026-01-28T11:58:31","slug":"teatre-a-tarrega-diumenge-1-de-febrer","status":"publish","type":"post","link":"https:\/\/agora.xtec.cat\/ceip-santacreu-anglesola\/portada\/teatre-a-tarrega-diumenge-1-de-febrer\/","title":{"rendered":"Teatre a T\u00e0rrega diumenge 1 de febrer"},"content":{"rendered":"<p>El proper diumenge torna el teatre infantil a l&#8217;Ateneu de T\u00e0rrega. Cliqueu a la imatge per a veure la informaci\u00f3.<\/p>\n<p><a href=\"https:\/\/www.tarrega.cat\/cultura\/esdeveniments\/teatre-infantil-la-xarxa\"><img loading=\"lazy\" decoding=\"async\" class=\"alignnone\" src=\"https:\/\/www.tarrega.cat\/cultura\/esdeveniments\/teatre-infantil-la-xarxa\/image_large\" alt=\"Teatre Infantil de Fundaci\u00f3 La Xarxa: El MAG NIL presenta 'ENCANTERI' (m\u00e0gia i il\u00b7lusionisme)\" width=\"629\" height=\"768\" \/><\/a><\/p>\n","protected":false},"excerpt":{"rendered":"<p>El proper diumenge torna el teatre infantil a l&#8217;Ateneu de T\u00e0rrega. Cliqueu a la imatge per a veure la informaci\u00f3.<br \/>\n<a href=\"https:\/\/www.tarrega.cat\/cultura\/esdeveniments\/teatre-infantil-la-xarxa\"><\/a><\/p>\n","protected":false},"author":3,"featured_media":0,"comment_status":"open","ping_status":"open","sticky":false,"template":"","format":"standard","meta":{"_bbp_topic_count":0,"_bbp_reply_count":0,"_bbp_total_topic_count":0,"_bbp_total_reply_count":0,"_bbp_voice_count":0,"_bbp_anonymous_reply_count":0,"_bbp_topic_count_hidden":0,"_bbp_reply_count_hidden":0,"_bbp_forum_subforum_count":0,"footnotes":""},"categories":[4,65],"tags":[],"class_list":["post-8356","post","type-post","status-publish","format-standard","hentry","category-portada","category-suggeriments"],"post_mailing_queue_ids":[],"_links":{"self":[{"href":"https:\/\/agora.xtec.cat\/ceip-santacreu-anglesola\/wp-json\/wp\/v2\/posts\/8356","targetHints":{"allow":["GET"]}}],"collection":[{"href":"https:\/\/agora.xtec.cat\/ceip-santacreu-anglesola\/wp-json\/wp\/v2\/posts"}],"about":[{"href":"https:\/\/agora.xtec.cat\/ceip-santacreu-anglesola\/wp-json\/wp\/v2\/types\/post"}],"author":[{"embeddable":true,"href":"https:\/\/agora.xtec.cat\/ceip-santacreu-anglesola\/wp-json\/wp\/v2\/users\/3"}],"replies":[{"embeddable":true,"href":"https:\/\/agora.xtec.cat\/ceip-santacreu-anglesola\/wp-json\/wp\/v2\/comments?post=8356"}],"version-history":[{"count":1,"href":"https:\/\/agora.xtec.cat\/ceip-santacreu-anglesola\/wp-json\/wp\/v2\/posts\/8356\/revisions"}],"predecessor-version":[{"id":8357,"href":"https:\/\/agora.xtec.cat\/ceip-santacreu-anglesola\/wp-json\/wp\/v2\/posts\/8356\/revisions\/8357"}],"wp:attachment":[{"href":"https:\/\/agora.xtec.cat\/ceip-santacreu-anglesola\/wp-json\/wp\/v2\/media?parent=8356"}],"wp:term":[{"taxonomy":"category","embeddable":true,"href":"https:\/\/agora.xtec.cat\/ceip-santacreu-anglesola\/wp-json\/wp\/v2\/categories?post=8356"},{"taxonomy":"post_tag","embeddable":true,"href":"https:\/\/agora.xtec.cat\/ceip-santacreu-anglesola\/wp-json\/wp\/v2\/tags?post=8356"}],"curies":[{"name":"wp","href":"https:\/\/api.w.org\/{rel}","templated":true}]}}