{"id":8353,"date":"2026-01-27T11:33:24","date_gmt":"2026-01-27T10:33:24","guid":{"rendered":"https:\/\/agora.xtec.cat\/ceip-santacreu-anglesola\/?p=8353"},"modified":"2026-01-27T11:33:24","modified_gmt":"2026-01-27T10:33:24","slug":"hora-del-conte-ci-1r-trimestre-2025-26","status":"publish","type":"post","link":"https:\/\/agora.xtec.cat\/ceip-santacreu-anglesola\/general\/hora-del-conte-ci-1r-trimestre-2025-26\/","title":{"rendered":"Hora del conte CI (1r trimestre 2025-26)"},"content":{"rendered":"<p><a href=\"https:\/\/agora.xtec.cat\/ceip-santacreu-anglesola\/primaria\/1r\/hora-del-conte-ci-1r-trimestre-2025-2026-ocult\/\" target=\"_blank\" rel=\"noopener\"><img loading=\"lazy\" decoding=\"async\" class=\"alignnone size-large wp-image-8344\" src=\"https:\/\/agora.xtec.cat\/ceip-santacreu-anglesola\/wp-content\/uploads\/usu483\/2026\/01\/9788424620813-1024x537.jpg\" alt=\"\" width=\"1024\" height=\"537\" srcset=\"https:\/\/agora.xtec.cat\/ceip-santacreu-anglesola\/wp-content\/uploads\/usu483\/2026\/01\/9788424620813-1024x537.jpg 1024w, https:\/\/agora.xtec.cat\/ceip-santacreu-anglesola\/wp-content\/uploads\/usu483\/2026\/01\/9788424620813-300x157.jpg 300w, https:\/\/agora.xtec.cat\/ceip-santacreu-anglesola\/wp-content\/uploads\/usu483\/2026\/01\/9788424620813-768x403.jpg 768w, https:\/\/agora.xtec.cat\/ceip-santacreu-anglesola\/wp-content\/uploads\/usu483\/2026\/01\/9788424620813.jpg 1151w\" sizes=\"auto, (max-width: 1024px) 100vw, 1024px\" \/><\/a><\/p>\n<p><span lang=\"ca-ES\">ELS FAMILIARS CONTACONTES QUE HAN VINGUT A CICLE INICIAL DURANT EL PRIMER TRIMESTRE<\/span><\/p>\n<p><span lang=\"ca-ES\">Durant el primer trimestre hem tingut el privilegi de tenir uns contacontes molt especials, que han explicat uns contes molt bonics, que ens han emocionat i que han agradat molt\u00edssim a tots els nens i nenes de primer i segon de prim\u00e0ria.<\/span><\/p>\n<p><span lang=\"ca-ES\">A primer va venir l\u2019Esther Orellana i ens va delectar amb el conte: &#8220;El bon somni&#8221;, que parlava de valors com l\u2019autoestima i la toler\u00e0ncia.<\/span><\/p>\n<p><span lang=\"ca-ES\">A primer tamb\u00e9 el Xavier Vila va explicar el conte : &#8220;Les figures juganeres&#8221; on els alumnes van participar fent diferents activitats i on vam aprendre que tots som diferents i importants.<\/span><\/p>\n<p><span lang=\"ca-ES\">A segon, el Marc Pont i la Raquel Marin, el dia 25 de novembre &#8220;Dia Internacional per a l\u2019Eliminaci\u00f3 de la Viol\u00e8ncia vers les Dones&#8221; van explicar el conte &#8220;L&#8217;Artur i la Clementina&#8221;, en qu\u00e8 es parlava de la import\u00e0ncia de tenir relacions saludables i de saber allunyar-se de les persones t\u00f2xiques.<\/span><\/p>\n<p><span lang=\"ca-ES\">Volem agrair a tots els pares i mares que van participar la seva implicaci\u00f3 en aquesta activitat que tant fa gaudir als alumnes i que incentiva la cohesi\u00f3 dins la comunitat educativa.<\/span><\/p>\n<p><span lang=\"ca-ES\">Les tutores de Cicle Inicial.<\/span><\/p>\n","protected":false},"excerpt":{"rendered":"<p><a href=\"https:\/\/agora.xtec.cat\/ceip-santacreu-anglesola\/primaria\/1r\/hora-del-conte-ci-1r-trimestre-2025-2026-ocult\/\" target=\"_blank\" rel=\"noopener\"><\/a><br \/>\nELS FAMILIARS CONTACONTES QUE HAN VINGUT A CICLE INICIAL DURANT EL PRIMER TRIMESTRE<br \/>\nDurant el primer trimestre hem tingut el privilegi de tenir uns contacontes molt especials, que han explicat uns contes molt bonics, que ens han emocionat i que han agradat molt\u00edssim&hellip;  <a href=\"https:\/\/agora.xtec.cat\/ceip-santacreu-anglesola\/general\/hora-del-conte-ci-1r-trimestre-2025-26\/\" title=\"Read Hora del conte CI (1r trimestre 2025-26)\">Llegeix m\u00e9s\u00bb<\/a><\/p>\n","protected":false},"author":53,"featured_media":8344,"comment_status":"open","ping_status":"open","sticky":false,"template":"","format":"standard","meta":{"_bbp_topic_count":0,"_bbp_reply_count":0,"_bbp_total_topic_count":0,"_bbp_total_reply_count":0,"_bbp_voice_count":0,"_bbp_anonymous_reply_count":0,"_bbp_topic_count_hidden":0,"_bbp_reply_count_hidden":0,"_bbp_forum_subforum_count":0,"footnotes":""},"categories":[1,4],"tags":[],"class_list":["post-8353","post","type-post","status-publish","format-standard","has-post-thumbnail","hentry","category-general","category-portada"],"post_mailing_queue_ids":[],"_links":{"self":[{"href":"https:\/\/agora.xtec.cat\/ceip-santacreu-anglesola\/wp-json\/wp\/v2\/posts\/8353","targetHints":{"allow":["GET"]}}],"collection":[{"href":"https:\/\/agora.xtec.cat\/ceip-santacreu-anglesola\/wp-json\/wp\/v2\/posts"}],"about":[{"href":"https:\/\/agora.xtec.cat\/ceip-santacreu-anglesola\/wp-json\/wp\/v2\/types\/post"}],"author":[{"embeddable":true,"href":"https:\/\/agora.xtec.cat\/ceip-santacreu-anglesola\/wp-json\/wp\/v2\/users\/53"}],"replies":[{"embeddable":true,"href":"https:\/\/agora.xtec.cat\/ceip-santacreu-anglesola\/wp-json\/wp\/v2\/comments?post=8353"}],"version-history":[{"count":2,"href":"https:\/\/agora.xtec.cat\/ceip-santacreu-anglesola\/wp-json\/wp\/v2\/posts\/8353\/revisions"}],"predecessor-version":[{"id":8355,"href":"https:\/\/agora.xtec.cat\/ceip-santacreu-anglesola\/wp-json\/wp\/v2\/posts\/8353\/revisions\/8355"}],"wp:featuredmedia":[{"embeddable":true,"href":"https:\/\/agora.xtec.cat\/ceip-santacreu-anglesola\/wp-json\/wp\/v2\/media\/8344"}],"wp:attachment":[{"href":"https:\/\/agora.xtec.cat\/ceip-santacreu-anglesola\/wp-json\/wp\/v2\/media?parent=8353"}],"wp:term":[{"taxonomy":"category","embeddable":true,"href":"https:\/\/agora.xtec.cat\/ceip-santacreu-anglesola\/wp-json\/wp\/v2\/categories?post=8353"},{"taxonomy":"post_tag","embeddable":true,"href":"https:\/\/agora.xtec.cat\/ceip-santacreu-anglesola\/wp-json\/wp\/v2\/tags?post=8353"}],"curies":[{"name":"wp","href":"https:\/\/api.w.org\/{rel}","templated":true}]}}