{"id":8319,"date":"2026-01-15T15:38:01","date_gmt":"2026-01-15T14:38:01","guid":{"rendered":"https:\/\/agora.xtec.cat\/ceip-santacreu-anglesola\/?p=8319"},"modified":"2026-01-15T15:38:01","modified_gmt":"2026-01-15T14:38:01","slug":"jo-decideixo-5e","status":"publish","type":"post","link":"https:\/\/agora.xtec.cat\/ceip-santacreu-anglesola\/general\/jo-decideixo-5e\/","title":{"rendered":"Jo decideixo, 5\u00e8"},"content":{"rendered":"<p>Aquest passat dijous 15 de gener, els alumnes de 5\u00e8 han pogut gaudir del taller \u201cJo decideixo\u201d, una reflexi\u00f3 sobre la import\u00e0ncia i les conseq\u00fc\u00e8ncies de les decisions que prenem al llarg del dia. El taller l\u2019ha dut a c\u00e0rrec la psic\u00f2loga S\u00f2nia Fuentes, referent de Benestar Emocional Comunitari del CAP de T\u00e0rrega.<\/p>\n<p>L\u2019alumnat ha qualificat el taller com a molt interessant i que els ja fet pensar i reflexionar molt.<a href=\"https:\/\/agora.xtec.cat\/ceip-santacreu-anglesola\/wp-content\/uploads\/usu483\/2026\/01\/756da15d-c2d1-442c-bfe4-e6e7e4529842.jpeg\"><img loading=\"lazy\" decoding=\"async\" class=\"alignnone size-large wp-image-8320\" src=\"https:\/\/agora.xtec.cat\/ceip-santacreu-anglesola\/wp-content\/uploads\/usu483\/2026\/01\/756da15d-c2d1-442c-bfe4-e6e7e4529842-1024x768.jpeg\" alt=\"\" width=\"1024\" height=\"768\" srcset=\"https:\/\/agora.xtec.cat\/ceip-santacreu-anglesola\/wp-content\/uploads\/usu483\/2026\/01\/756da15d-c2d1-442c-bfe4-e6e7e4529842-1024x768.jpeg 1024w, https:\/\/agora.xtec.cat\/ceip-santacreu-anglesola\/wp-content\/uploads\/usu483\/2026\/01\/756da15d-c2d1-442c-bfe4-e6e7e4529842-300x225.jpeg 300w, https:\/\/agora.xtec.cat\/ceip-santacreu-anglesola\/wp-content\/uploads\/usu483\/2026\/01\/756da15d-c2d1-442c-bfe4-e6e7e4529842-768x576.jpeg 768w, https:\/\/agora.xtec.cat\/ceip-santacreu-anglesola\/wp-content\/uploads\/usu483\/2026\/01\/756da15d-c2d1-442c-bfe4-e6e7e4529842-1536x1152.jpeg 1536w, https:\/\/agora.xtec.cat\/ceip-santacreu-anglesola\/wp-content\/uploads\/usu483\/2026\/01\/756da15d-c2d1-442c-bfe4-e6e7e4529842-200x150.jpeg 200w, https:\/\/agora.xtec.cat\/ceip-santacreu-anglesola\/wp-content\/uploads\/usu483\/2026\/01\/756da15d-c2d1-442c-bfe4-e6e7e4529842.jpeg 1600w\" sizes=\"auto, (max-width: 1024px) 100vw, 1024px\" \/><\/a> <a href=\"https:\/\/agora.xtec.cat\/ceip-santacreu-anglesola\/wp-content\/uploads\/usu483\/2026\/01\/3a37fccf-643d-49f5-8115-fe363cdafd08.jpeg\"><img loading=\"lazy\" decoding=\"async\" class=\"alignnone size-large wp-image-8321\" src=\"https:\/\/agora.xtec.cat\/ceip-santacreu-anglesola\/wp-content\/uploads\/usu483\/2026\/01\/3a37fccf-643d-49f5-8115-fe363cdafd08-1024x768.jpeg\" alt=\"\" width=\"1024\" height=\"768\" srcset=\"https:\/\/agora.xtec.cat\/ceip-santacreu-anglesola\/wp-content\/uploads\/usu483\/2026\/01\/3a37fccf-643d-49f5-8115-fe363cdafd08-1024x768.jpeg 1024w, https:\/\/agora.xtec.cat\/ceip-santacreu-anglesola\/wp-content\/uploads\/usu483\/2026\/01\/3a37fccf-643d-49f5-8115-fe363cdafd08-300x225.jpeg 300w, https:\/\/agora.xtec.cat\/ceip-santacreu-anglesola\/wp-content\/uploads\/usu483\/2026\/01\/3a37fccf-643d-49f5-8115-fe363cdafd08-768x576.jpeg 768w, https:\/\/agora.xtec.cat\/ceip-santacreu-anglesola\/wp-content\/uploads\/usu483\/2026\/01\/3a37fccf-643d-49f5-8115-fe363cdafd08-1536x1152.jpeg 1536w, https:\/\/agora.xtec.cat\/ceip-santacreu-anglesola\/wp-content\/uploads\/usu483\/2026\/01\/3a37fccf-643d-49f5-8115-fe363cdafd08-200x150.jpeg 200w, https:\/\/agora.xtec.cat\/ceip-santacreu-anglesola\/wp-content\/uploads\/usu483\/2026\/01\/3a37fccf-643d-49f5-8115-fe363cdafd08.jpeg 1600w\" sizes=\"auto, (max-width: 1024px) 100vw, 1024px\" \/><\/a><\/p>\n","protected":false},"excerpt":{"rendered":"<p>Aquest passat dijous 15 de gener, els alumnes de 5\u00e8 han pogut gaudir del taller \u201cJo decideixo\u201d, una reflexi\u00f3 sobre la import\u00e0ncia i les conseq\u00fc\u00e8ncies de les decisions que prenem al llarg del dia. El taller l\u2019ha dut a c\u00e0rrec la psic\u00f2loga S\u00f2nia Fuentes, referent&hellip;  <a href=\"https:\/\/agora.xtec.cat\/ceip-santacreu-anglesola\/general\/jo-decideixo-5e\/\" title=\"Read Jo decideixo, 5\u00e8\">Llegeix m\u00e9s\u00bb<\/a><\/p>\n","protected":false},"author":52,"featured_media":8320,"comment_status":"open","ping_status":"open","sticky":false,"template":"","format":"standard","meta":{"_bbp_topic_count":0,"_bbp_reply_count":0,"_bbp_total_topic_count":0,"_bbp_total_reply_count":0,"_bbp_voice_count":0,"_bbp_anonymous_reply_count":0,"_bbp_topic_count_hidden":0,"_bbp_reply_count_hidden":0,"_bbp_forum_subforum_count":0,"footnotes":""},"categories":[14,1,4],"tags":[],"class_list":["post-8319","post","type-post","status-publish","format-standard","has-post-thumbnail","hentry","category-5e","category-general","category-portada"],"post_mailing_queue_ids":[],"_links":{"self":[{"href":"https:\/\/agora.xtec.cat\/ceip-santacreu-anglesola\/wp-json\/wp\/v2\/posts\/8319","targetHints":{"allow":["GET"]}}],"collection":[{"href":"https:\/\/agora.xtec.cat\/ceip-santacreu-anglesola\/wp-json\/wp\/v2\/posts"}],"about":[{"href":"https:\/\/agora.xtec.cat\/ceip-santacreu-anglesola\/wp-json\/wp\/v2\/types\/post"}],"author":[{"embeddable":true,"href":"https:\/\/agora.xtec.cat\/ceip-santacreu-anglesola\/wp-json\/wp\/v2\/users\/52"}],"replies":[{"embeddable":true,"href":"https:\/\/agora.xtec.cat\/ceip-santacreu-anglesola\/wp-json\/wp\/v2\/comments?post=8319"}],"version-history":[{"count":1,"href":"https:\/\/agora.xtec.cat\/ceip-santacreu-anglesola\/wp-json\/wp\/v2\/posts\/8319\/revisions"}],"predecessor-version":[{"id":8322,"href":"https:\/\/agora.xtec.cat\/ceip-santacreu-anglesola\/wp-json\/wp\/v2\/posts\/8319\/revisions\/8322"}],"wp:featuredmedia":[{"embeddable":true,"href":"https:\/\/agora.xtec.cat\/ceip-santacreu-anglesola\/wp-json\/wp\/v2\/media\/8320"}],"wp:attachment":[{"href":"https:\/\/agora.xtec.cat\/ceip-santacreu-anglesola\/wp-json\/wp\/v2\/media?parent=8319"}],"wp:term":[{"taxonomy":"category","embeddable":true,"href":"https:\/\/agora.xtec.cat\/ceip-santacreu-anglesola\/wp-json\/wp\/v2\/categories?post=8319"},{"taxonomy":"post_tag","embeddable":true,"href":"https:\/\/agora.xtec.cat\/ceip-santacreu-anglesola\/wp-json\/wp\/v2\/tags?post=8319"}],"curies":[{"name":"wp","href":"https:\/\/api.w.org\/{rel}","templated":true}]}}