{"id":8315,"date":"2026-01-15T10:35:07","date_gmt":"2026-01-15T09:35:07","guid":{"rendered":"https:\/\/agora.xtec.cat\/ceip-santacreu-anglesola\/?p=8315"},"modified":"2026-01-15T10:35:07","modified_gmt":"2026-01-15T09:35:07","slug":"taller-apilo-a-3r-i-6e","status":"publish","type":"post","link":"https:\/\/agora.xtec.cat\/ceip-santacreu-anglesola\/general\/taller-apilo-a-3r-i-6e\/","title":{"rendered":"Taller APILO a 3r i 6\u00e8"},"content":{"rendered":"<p>L\u2019alumnat de 3r i 6\u00e8 ha participat en un taller educatiu de la Missi\u00f3 Apilo XII. Durant l\u2019activitat, els infants han rebut una explicaci\u00f3 pr\u00e8via sobre els diferents tipus de piles i bateries, la seva funci\u00f3 i la import\u00e0ncia de reciclar-los correctament. A continuaci\u00f3, han realitzat un experiment pr\u00e0ctic generant electricitat amb llimones, aprenent de manera vivencial sobre energia, ci\u00e8ncia i respecte pel medi ambient.<\/p>\n<p>Ens ho hem passat molt b\u00e9!!<\/p>\n<p><a href=\"https:\/\/agora.xtec.cat\/ceip-santacreu-anglesola\/wp-content\/uploads\/usu483\/2026\/01\/20260115_101324-1-scaled.jpg\"><img loading=\"lazy\" decoding=\"async\" class=\"alignnone size-full wp-image-8317\" src=\"https:\/\/agora.xtec.cat\/ceip-santacreu-anglesola\/wp-content\/uploads\/usu483\/2026\/01\/20260115_101324-1-scaled.jpg\" alt=\"\" width=\"2560\" height=\"1155\" srcset=\"https:\/\/agora.xtec.cat\/ceip-santacreu-anglesola\/wp-content\/uploads\/usu483\/2026\/01\/20260115_101324-1-scaled.jpg 2560w, https:\/\/agora.xtec.cat\/ceip-santacreu-anglesola\/wp-content\/uploads\/usu483\/2026\/01\/20260115_101324-1-300x135.jpg 300w, https:\/\/agora.xtec.cat\/ceip-santacreu-anglesola\/wp-content\/uploads\/usu483\/2026\/01\/20260115_101324-1-1024x462.jpg 1024w, https:\/\/agora.xtec.cat\/ceip-santacreu-anglesola\/wp-content\/uploads\/usu483\/2026\/01\/20260115_101324-1-768x346.jpg 768w, https:\/\/agora.xtec.cat\/ceip-santacreu-anglesola\/wp-content\/uploads\/usu483\/2026\/01\/20260115_101324-1-1536x693.jpg 1536w, https:\/\/agora.xtec.cat\/ceip-santacreu-anglesola\/wp-content\/uploads\/usu483\/2026\/01\/20260115_101324-1-2048x924.jpg 2048w\" sizes=\"auto, (max-width: 2560px) 100vw, 2560px\" \/><\/a><\/p>\n","protected":false},"excerpt":{"rendered":"<p>L\u2019alumnat de 3r i 6\u00e8 ha participat en un taller educatiu de la Missi\u00f3 Apilo XII. Durant l\u2019activitat, els infants han rebut una explicaci\u00f3 pr\u00e8via sobre els diferents tipus de piles i bateries, la seva funci\u00f3 i la import\u00e0ncia de reciclar-los correctament. A continuaci\u00f3, han&hellip;  <a href=\"https:\/\/agora.xtec.cat\/ceip-santacreu-anglesola\/general\/taller-apilo-a-3r-i-6e\/\" title=\"Read Taller APILO a 3r i 6\u00e8\">Llegeix m\u00e9s\u00bb<\/a><\/p>\n","protected":false},"author":1,"featured_media":8317,"comment_status":"closed","ping_status":"closed","sticky":false,"template":"","format":"standard","meta":{"_bbp_topic_count":0,"_bbp_reply_count":0,"_bbp_total_topic_count":0,"_bbp_total_reply_count":0,"_bbp_voice_count":0,"_bbp_anonymous_reply_count":0,"_bbp_topic_count_hidden":0,"_bbp_reply_count_hidden":0,"_bbp_forum_subforum_count":0,"footnotes":""},"categories":[12,15,1,4],"tags":[],"class_list":["post-8315","post","type-post","status-publish","format-standard","has-post-thumbnail","hentry","category-3r","category-6e","category-general","category-portada"],"post_mailing_queue_ids":[],"_links":{"self":[{"href":"https:\/\/agora.xtec.cat\/ceip-santacreu-anglesola\/wp-json\/wp\/v2\/posts\/8315","targetHints":{"allow":["GET"]}}],"collection":[{"href":"https:\/\/agora.xtec.cat\/ceip-santacreu-anglesola\/wp-json\/wp\/v2\/posts"}],"about":[{"href":"https:\/\/agora.xtec.cat\/ceip-santacreu-anglesola\/wp-json\/wp\/v2\/types\/post"}],"author":[{"embeddable":true,"href":"https:\/\/agora.xtec.cat\/ceip-santacreu-anglesola\/wp-json\/wp\/v2\/users\/1"}],"replies":[{"embeddable":true,"href":"https:\/\/agora.xtec.cat\/ceip-santacreu-anglesola\/wp-json\/wp\/v2\/comments?post=8315"}],"version-history":[{"count":1,"href":"https:\/\/agora.xtec.cat\/ceip-santacreu-anglesola\/wp-json\/wp\/v2\/posts\/8315\/revisions"}],"predecessor-version":[{"id":8318,"href":"https:\/\/agora.xtec.cat\/ceip-santacreu-anglesola\/wp-json\/wp\/v2\/posts\/8315\/revisions\/8318"}],"wp:featuredmedia":[{"embeddable":true,"href":"https:\/\/agora.xtec.cat\/ceip-santacreu-anglesola\/wp-json\/wp\/v2\/media\/8317"}],"wp:attachment":[{"href":"https:\/\/agora.xtec.cat\/ceip-santacreu-anglesola\/wp-json\/wp\/v2\/media?parent=8315"}],"wp:term":[{"taxonomy":"category","embeddable":true,"href":"https:\/\/agora.xtec.cat\/ceip-santacreu-anglesola\/wp-json\/wp\/v2\/categories?post=8315"},{"taxonomy":"post_tag","embeddable":true,"href":"https:\/\/agora.xtec.cat\/ceip-santacreu-anglesola\/wp-json\/wp\/v2\/tags?post=8315"}],"curies":[{"name":"wp","href":"https:\/\/api.w.org\/{rel}","templated":true}]}}