{"id":8313,"date":"2026-01-15T08:54:02","date_gmt":"2026-01-15T07:54:02","guid":{"rendered":"https:\/\/agora.xtec.cat\/ceip-santacreu-anglesola\/?p=8313"},"modified":"2026-01-15T08:54:02","modified_gmt":"2026-01-15T07:54:02","slug":"titelles-a-tarrega","status":"publish","type":"post","link":"https:\/\/agora.xtec.cat\/ceip-santacreu-anglesola\/portada\/titelles-a-tarrega\/","title":{"rendered":"Titelles a T\u00e0rrega"},"content":{"rendered":"<p>Aquest diumenge 18 de gener, tindr\u00e0 lloc un espectacle de titelles al Teatre Ateneu de T\u00e0rrega.<\/p>\n<p><a href=\"https:\/\/www.tarrega.cat\/cultura\/esdeveniments\/teatre-infantil-la-xarxa\"><img decoding=\"async\" src=\"https:\/\/www.tarrega.cat\/cultura\/esdeveniments\/teatre-infantil-la-xarxa\/image_large\" alt=\"Teatre Infantil de Fundaci\u00f3 La Xarxa: LA BALDUFA presenta 'SAFARI' (espectacle de titelles)\" \/><\/a><\/p>\n<p>&nbsp;<\/p>\n","protected":false},"excerpt":{"rendered":"<p>Aquest diumenge 18 de gener, tindr\u00e0 lloc un espectacle de titelles al Teatre Ateneu de T\u00e0rrega.<br \/>\n<a href=\"https:\/\/www.tarrega.cat\/cultura\/esdeveniments\/teatre-infantil-la-xarxa\"><\/a><br \/>\n&nbsp;<\/p>\n","protected":false},"author":3,"featured_media":0,"comment_status":"open","ping_status":"open","sticky":false,"template":"","format":"standard","meta":{"_bbp_topic_count":0,"_bbp_reply_count":0,"_bbp_total_topic_count":0,"_bbp_total_reply_count":0,"_bbp_voice_count":0,"_bbp_anonymous_reply_count":0,"_bbp_topic_count_hidden":0,"_bbp_reply_count_hidden":0,"_bbp_forum_subforum_count":0,"footnotes":""},"categories":[4,65],"tags":[],"class_list":["post-8313","post","type-post","status-publish","format-standard","hentry","category-portada","category-suggeriments"],"post_mailing_queue_ids":[],"_links":{"self":[{"href":"https:\/\/agora.xtec.cat\/ceip-santacreu-anglesola\/wp-json\/wp\/v2\/posts\/8313","targetHints":{"allow":["GET"]}}],"collection":[{"href":"https:\/\/agora.xtec.cat\/ceip-santacreu-anglesola\/wp-json\/wp\/v2\/posts"}],"about":[{"href":"https:\/\/agora.xtec.cat\/ceip-santacreu-anglesola\/wp-json\/wp\/v2\/types\/post"}],"author":[{"embeddable":true,"href":"https:\/\/agora.xtec.cat\/ceip-santacreu-anglesola\/wp-json\/wp\/v2\/users\/3"}],"replies":[{"embeddable":true,"href":"https:\/\/agora.xtec.cat\/ceip-santacreu-anglesola\/wp-json\/wp\/v2\/comments?post=8313"}],"version-history":[{"count":1,"href":"https:\/\/agora.xtec.cat\/ceip-santacreu-anglesola\/wp-json\/wp\/v2\/posts\/8313\/revisions"}],"predecessor-version":[{"id":8314,"href":"https:\/\/agora.xtec.cat\/ceip-santacreu-anglesola\/wp-json\/wp\/v2\/posts\/8313\/revisions\/8314"}],"wp:attachment":[{"href":"https:\/\/agora.xtec.cat\/ceip-santacreu-anglesola\/wp-json\/wp\/v2\/media?parent=8313"}],"wp:term":[{"taxonomy":"category","embeddable":true,"href":"https:\/\/agora.xtec.cat\/ceip-santacreu-anglesola\/wp-json\/wp\/v2\/categories?post=8313"},{"taxonomy":"post_tag","embeddable":true,"href":"https:\/\/agora.xtec.cat\/ceip-santacreu-anglesola\/wp-json\/wp\/v2\/tags?post=8313"}],"curies":[{"name":"wp","href":"https:\/\/api.w.org\/{rel}","templated":true}]}}