{"id":8305,"date":"2026-01-09T11:45:51","date_gmt":"2026-01-09T10:45:51","guid":{"rendered":"https:\/\/agora.xtec.cat\/ceip-santacreu-anglesola\/?p=8305"},"modified":"2026-01-12T13:20:31","modified_gmt":"2026-01-12T12:20:31","slug":"taller-agents-rurals","status":"publish","type":"post","link":"https:\/\/agora.xtec.cat\/ceip-santacreu-anglesola\/portada\/taller-agents-rurals\/","title":{"rendered":"TALLER AGENTS RURALS"},"content":{"rendered":"<p>Aquest mat\u00ed, ens han visitat els agents rurals i ens han fet dos tallers, un a cicle superior i un altre a cicle mitj\u00e0.\u00a0 El taller de cicle superior tractava sobre la seva feina, els incendis i la seva prevenci\u00f3 i altres temes relacionats amb l&#8217;entorn natural proper. En canvi, el taller de cicle mitj\u00e0 tractava sobre les condicions de tenir gats i gossos, de la import\u00e0ncia de posar-los-hi xip, de cuidar-los,&#8230;<\/p>\n<p>Han estat uns tallers molt interessants que han ajudat l&#8217;alumnat a interrelacionar els continguts que estudien a l&#8217;\u00e0rea de medi natural.<\/p>\n<p><img loading=\"lazy\" decoding=\"async\" class=\"aligncenter size-large wp-image-8306\" src=\"https:\/\/agora.xtec.cat\/ceip-santacreu-anglesola\/wp-content\/uploads\/usu483\/2026\/01\/WhatsApp-Image-2026-01-09-at-11.31.24-1024x768.jpeg\" alt=\"\" width=\"1024\" height=\"768\" srcset=\"https:\/\/agora.xtec.cat\/ceip-santacreu-anglesola\/wp-content\/uploads\/usu483\/2026\/01\/WhatsApp-Image-2026-01-09-at-11.31.24-1024x768.jpeg 1024w, https:\/\/agora.xtec.cat\/ceip-santacreu-anglesola\/wp-content\/uploads\/usu483\/2026\/01\/WhatsApp-Image-2026-01-09-at-11.31.24-300x225.jpeg 300w, https:\/\/agora.xtec.cat\/ceip-santacreu-anglesola\/wp-content\/uploads\/usu483\/2026\/01\/WhatsApp-Image-2026-01-09-at-11.31.24-768x576.jpeg 768w, https:\/\/agora.xtec.cat\/ceip-santacreu-anglesola\/wp-content\/uploads\/usu483\/2026\/01\/WhatsApp-Image-2026-01-09-at-11.31.24-1536x1152.jpeg 1536w, https:\/\/agora.xtec.cat\/ceip-santacreu-anglesola\/wp-content\/uploads\/usu483\/2026\/01\/WhatsApp-Image-2026-01-09-at-11.31.24-200x150.jpeg 200w, https:\/\/agora.xtec.cat\/ceip-santacreu-anglesola\/wp-content\/uploads\/usu483\/2026\/01\/WhatsApp-Image-2026-01-09-at-11.31.24.jpeg 2000w\" sizes=\"auto, (max-width: 1024px) 100vw, 1024px\" \/><\/p>\n","protected":false},"excerpt":{"rendered":"<p>Aquest mat\u00ed, ens han visitat els agents rurals i ens han fet dos tallers, un a cicle superior i un altre a cicle mitj\u00e0.\u00a0 El taller de cicle superior tractava sobre la seva feina, els incendis i la seva prevenci\u00f3 i altres temes relacionats amb&hellip;  <a href=\"https:\/\/agora.xtec.cat\/ceip-santacreu-anglesola\/portada\/taller-agents-rurals\/\" title=\"Read TALLER AGENTS RURALS\">Llegeix m\u00e9s\u00bb<\/a><\/p>\n","protected":false},"author":11,"featured_media":0,"comment_status":"open","ping_status":"open","sticky":false,"template":"","format":"standard","meta":{"_bbp_topic_count":0,"_bbp_reply_count":0,"_bbp_total_topic_count":0,"_bbp_total_reply_count":0,"_bbp_voice_count":0,"_bbp_anonymous_reply_count":0,"_bbp_topic_count_hidden":0,"_bbp_reply_count_hidden":0,"_bbp_forum_subforum_count":0,"footnotes":""},"categories":[4,5],"tags":[],"class_list":["post-8305","post","type-post","status-publish","format-standard","hentry","category-portada","category-primaria"],"post_mailing_queue_ids":[],"_links":{"self":[{"href":"https:\/\/agora.xtec.cat\/ceip-santacreu-anglesola\/wp-json\/wp\/v2\/posts\/8305","targetHints":{"allow":["GET"]}}],"collection":[{"href":"https:\/\/agora.xtec.cat\/ceip-santacreu-anglesola\/wp-json\/wp\/v2\/posts"}],"about":[{"href":"https:\/\/agora.xtec.cat\/ceip-santacreu-anglesola\/wp-json\/wp\/v2\/types\/post"}],"author":[{"embeddable":true,"href":"https:\/\/agora.xtec.cat\/ceip-santacreu-anglesola\/wp-json\/wp\/v2\/users\/11"}],"replies":[{"embeddable":true,"href":"https:\/\/agora.xtec.cat\/ceip-santacreu-anglesola\/wp-json\/wp\/v2\/comments?post=8305"}],"version-history":[{"count":4,"href":"https:\/\/agora.xtec.cat\/ceip-santacreu-anglesola\/wp-json\/wp\/v2\/posts\/8305\/revisions"}],"predecessor-version":[{"id":8310,"href":"https:\/\/agora.xtec.cat\/ceip-santacreu-anglesola\/wp-json\/wp\/v2\/posts\/8305\/revisions\/8310"}],"wp:attachment":[{"href":"https:\/\/agora.xtec.cat\/ceip-santacreu-anglesola\/wp-json\/wp\/v2\/media?parent=8305"}],"wp:term":[{"taxonomy":"category","embeddable":true,"href":"https:\/\/agora.xtec.cat\/ceip-santacreu-anglesola\/wp-json\/wp\/v2\/categories?post=8305"},{"taxonomy":"post_tag","embeddable":true,"href":"https:\/\/agora.xtec.cat\/ceip-santacreu-anglesola\/wp-json\/wp\/v2\/tags?post=8305"}],"curies":[{"name":"wp","href":"https:\/\/api.w.org\/{rel}","templated":true}]}}