{"id":8286,"date":"2026-01-08T10:30:19","date_gmt":"2026-01-08T09:30:19","guid":{"rendered":"https:\/\/agora.xtec.cat\/ceip-santacreu-anglesola\/?p=8286"},"modified":"2026-01-08T10:33:01","modified_gmt":"2026-01-08T09:33:01","slug":"arriben-els-reis","status":"publish","type":"post","link":"https:\/\/agora.xtec.cat\/ceip-santacreu-anglesola\/infantil\/arriben-els-reis\/","title":{"rendered":"ARRIBEN ELS REIS"},"content":{"rendered":"<p>Aquest mat\u00ed, arribant de les festes de Nadal, hem trobat a l&#8217;escola uns paquets plens de joguines pel pat\u00ed. Sembla ser, que els reis no es van oblidar de passar per la nostra escola i deixar-nos uns magn\u00edfics regals per a tot l&#8217;alumnat. Agra\u00efm a la nostra AFA per haver escrit la carta i fer mem\u00f2ria als reis d&#8217;Orient.<\/p>\n<p><a href=\"https:\/\/agora.xtec.cat\/ceip-santacreu-anglesola\/general\/arriben-els-reis-ocult\/\" target=\"_blank\" rel=\"noopener\"><img loading=\"lazy\" decoding=\"async\" class=\"aligncenter wp-image-8287\" src=\"https:\/\/agora.xtec.cat\/ceip-santacreu-anglesola\/wp-content\/uploads\/usu483\/2026\/01\/WhatsApp-Image-2026-01-08-at-09.15.53-1024x768.jpeg\" alt=\"\" width=\"426\" height=\"320\" srcset=\"https:\/\/agora.xtec.cat\/ceip-santacreu-anglesola\/wp-content\/uploads\/usu483\/2026\/01\/WhatsApp-Image-2026-01-08-at-09.15.53-1024x768.jpeg 1024w, https:\/\/agora.xtec.cat\/ceip-santacreu-anglesola\/wp-content\/uploads\/usu483\/2026\/01\/WhatsApp-Image-2026-01-08-at-09.15.53-300x225.jpeg 300w, https:\/\/agora.xtec.cat\/ceip-santacreu-anglesola\/wp-content\/uploads\/usu483\/2026\/01\/WhatsApp-Image-2026-01-08-at-09.15.53-768x576.jpeg 768w, https:\/\/agora.xtec.cat\/ceip-santacreu-anglesola\/wp-content\/uploads\/usu483\/2026\/01\/WhatsApp-Image-2026-01-08-at-09.15.53-1536x1152.jpeg 1536w, https:\/\/agora.xtec.cat\/ceip-santacreu-anglesola\/wp-content\/uploads\/usu483\/2026\/01\/WhatsApp-Image-2026-01-08-at-09.15.53-200x150.jpeg 200w, https:\/\/agora.xtec.cat\/ceip-santacreu-anglesola\/wp-content\/uploads\/usu483\/2026\/01\/WhatsApp-Image-2026-01-08-at-09.15.53.jpeg 2048w\" sizes=\"auto, (max-width: 426px) 100vw, 426px\" \/><\/a><\/p>\n","protected":false},"excerpt":{"rendered":"<p>Aquest mat\u00ed, arribant de les festes de Nadal, hem trobat a l&#8217;escola uns paquets plens de joguines pel pat\u00ed. Sembla ser, que els reis no es van oblidar de passar per la nostra escola i deixar-nos uns magn\u00edfics regals per a tot l&#8217;alumnat. Agra\u00efm a&hellip;  <a href=\"https:\/\/agora.xtec.cat\/ceip-santacreu-anglesola\/infantil\/arriben-els-reis\/\" title=\"Read ARRIBEN ELS REIS\">Llegeix m\u00e9s\u00bb<\/a><\/p>\n","protected":false},"author":11,"featured_media":0,"comment_status":"open","ping_status":"open","sticky":false,"template":"","format":"standard","meta":{"_bbp_topic_count":0,"_bbp_reply_count":0,"_bbp_total_topic_count":0,"_bbp_total_reply_count":0,"_bbp_voice_count":0,"_bbp_anonymous_reply_count":0,"_bbp_topic_count_hidden":0,"_bbp_reply_count_hidden":0,"_bbp_forum_subforum_count":0,"footnotes":""},"categories":[2,4,5],"tags":[],"class_list":["post-8286","post","type-post","status-publish","format-standard","hentry","category-infantil","category-portada","category-primaria"],"post_mailing_queue_ids":[],"_links":{"self":[{"href":"https:\/\/agora.xtec.cat\/ceip-santacreu-anglesola\/wp-json\/wp\/v2\/posts\/8286","targetHints":{"allow":["GET"]}}],"collection":[{"href":"https:\/\/agora.xtec.cat\/ceip-santacreu-anglesola\/wp-json\/wp\/v2\/posts"}],"about":[{"href":"https:\/\/agora.xtec.cat\/ceip-santacreu-anglesola\/wp-json\/wp\/v2\/types\/post"}],"author":[{"embeddable":true,"href":"https:\/\/agora.xtec.cat\/ceip-santacreu-anglesola\/wp-json\/wp\/v2\/users\/11"}],"replies":[{"embeddable":true,"href":"https:\/\/agora.xtec.cat\/ceip-santacreu-anglesola\/wp-json\/wp\/v2\/comments?post=8286"}],"version-history":[{"count":3,"href":"https:\/\/agora.xtec.cat\/ceip-santacreu-anglesola\/wp-json\/wp\/v2\/posts\/8286\/revisions"}],"predecessor-version":[{"id":8293,"href":"https:\/\/agora.xtec.cat\/ceip-santacreu-anglesola\/wp-json\/wp\/v2\/posts\/8286\/revisions\/8293"}],"wp:attachment":[{"href":"https:\/\/agora.xtec.cat\/ceip-santacreu-anglesola\/wp-json\/wp\/v2\/media?parent=8286"}],"wp:term":[{"taxonomy":"category","embeddable":true,"href":"https:\/\/agora.xtec.cat\/ceip-santacreu-anglesola\/wp-json\/wp\/v2\/categories?post=8286"},{"taxonomy":"post_tag","embeddable":true,"href":"https:\/\/agora.xtec.cat\/ceip-santacreu-anglesola\/wp-json\/wp\/v2\/tags?post=8286"}],"curies":[{"name":"wp","href":"https:\/\/api.w.org\/{rel}","templated":true}]}}