{"id":8272,"date":"2025-12-19T13:13:27","date_gmt":"2025-12-19T12:13:27","guid":{"rendered":"https:\/\/agora.xtec.cat\/ceip-santacreu-anglesola\/?p=8272"},"modified":"2025-12-19T13:43:07","modified_gmt":"2025-12-19T12:43:07","slug":"bon-nadal-families","status":"publish","type":"post","link":"https:\/\/agora.xtec.cat\/ceip-santacreu-anglesola\/general\/bon-nadal-families\/","title":{"rendered":"BON NADAL FAM\u00cdLIES"},"content":{"rendered":"<p>Com ja \u00e9s tradici\u00f3 a la nostra escola, aquesta setmana hem fet diferents actes per celebrar el final de trimestre i l&#8217;arribada de les festes de Nadal. Dimecres, l&#8217;alumnat de l&#8217;escola va visitar el centre de dia per compartir amb els nostres avis i \u00e0vies un mat\u00ed de m\u00fasica cantant diferents nadales. Els hem d&#8217;agrair el detallet que ens van regalar, moltes gr\u00e0cies! Finalment, divendres ha arribat l&#8217;esperat Festival de Nadal, juntament amb la cagada del nostre Ti\u00f3.<\/p>\n<p>Passeu unes BONES FESTES!!<\/p>\n<p>Per veure les fotos cliqueu a la imatge:<\/p>\n<p><a href=\"https:\/\/agora.xtec.cat\/ceip-santacreu-anglesola\/general\/bon-nadal-families-ocult\/\" target=\"_blank\" rel=\"noopener\"><img loading=\"lazy\" decoding=\"async\" class=\"sFlh5c FyHeAf iPVvYb aligncenter\" src=\"https:\/\/t4.ftcdn.net\/jpg\/11\/46\/39\/53\/360_F_1146395341_xZgZqoGm4qM5muq25xOWzqCecZ0bxRRl.jpg\" alt=\"Im\u00e1genes de Nadal: descubre bancos de fotos, ilustraciones, vectores y v\u00eddeos de 1,515 | Adobe Stock\" width=\"582\" height=\"270\" \/><\/a><\/p>\n","protected":false},"excerpt":{"rendered":"<p>Com ja \u00e9s tradici\u00f3 a la nostra escola, aquesta setmana hem fet diferents actes per celebrar el final de trimestre i l&#8217;arribada de les festes de Nadal. Dimecres, l&#8217;alumnat de l&#8217;escola va visitar el centre de dia per compartir amb els nostres avis i \u00e0vies&hellip;  <a href=\"https:\/\/agora.xtec.cat\/ceip-santacreu-anglesola\/general\/bon-nadal-families\/\" title=\"Read BON NADAL FAM\u00cdLIES\">Llegeix m\u00e9s\u00bb<\/a><\/p>\n","protected":false},"author":11,"featured_media":0,"comment_status":"closed","ping_status":"open","sticky":false,"template":"","format":"standard","meta":{"_bbp_topic_count":0,"_bbp_reply_count":0,"_bbp_total_topic_count":0,"_bbp_total_reply_count":0,"_bbp_voice_count":0,"_bbp_anonymous_reply_count":0,"_bbp_topic_count_hidden":0,"_bbp_reply_count_hidden":0,"_bbp_forum_subforum_count":0,"footnotes":""},"categories":[1,4],"tags":[],"class_list":["post-8272","post","type-post","status-publish","format-standard","hentry","category-general","category-portada"],"post_mailing_queue_ids":[],"_links":{"self":[{"href":"https:\/\/agora.xtec.cat\/ceip-santacreu-anglesola\/wp-json\/wp\/v2\/posts\/8272","targetHints":{"allow":["GET"]}}],"collection":[{"href":"https:\/\/agora.xtec.cat\/ceip-santacreu-anglesola\/wp-json\/wp\/v2\/posts"}],"about":[{"href":"https:\/\/agora.xtec.cat\/ceip-santacreu-anglesola\/wp-json\/wp\/v2\/types\/post"}],"author":[{"embeddable":true,"href":"https:\/\/agora.xtec.cat\/ceip-santacreu-anglesola\/wp-json\/wp\/v2\/users\/11"}],"replies":[{"embeddable":true,"href":"https:\/\/agora.xtec.cat\/ceip-santacreu-anglesola\/wp-json\/wp\/v2\/comments?post=8272"}],"version-history":[{"count":4,"href":"https:\/\/agora.xtec.cat\/ceip-santacreu-anglesola\/wp-json\/wp\/v2\/posts\/8272\/revisions"}],"predecessor-version":[{"id":8285,"href":"https:\/\/agora.xtec.cat\/ceip-santacreu-anglesola\/wp-json\/wp\/v2\/posts\/8272\/revisions\/8285"}],"wp:attachment":[{"href":"https:\/\/agora.xtec.cat\/ceip-santacreu-anglesola\/wp-json\/wp\/v2\/media?parent=8272"}],"wp:term":[{"taxonomy":"category","embeddable":true,"href":"https:\/\/agora.xtec.cat\/ceip-santacreu-anglesola\/wp-json\/wp\/v2\/categories?post=8272"},{"taxonomy":"post_tag","embeddable":true,"href":"https:\/\/agora.xtec.cat\/ceip-santacreu-anglesola\/wp-json\/wp\/v2\/tags?post=8272"}],"curies":[{"name":"wp","href":"https:\/\/api.w.org\/{rel}","templated":true}]}}