{"id":8251,"date":"2025-12-09T09:53:55","date_gmt":"2025-12-09T08:53:55","guid":{"rendered":"https:\/\/agora.xtec.cat\/ceip-santacreu-anglesola\/?p=8251"},"modified":"2025-12-09T09:53:55","modified_gmt":"2025-12-09T08:53:55","slug":"agenda-museu-dhistoria","status":"publish","type":"post","link":"https:\/\/agora.xtec.cat\/ceip-santacreu-anglesola\/portada\/agenda-museu-dhistoria\/","title":{"rendered":"AGENDA MUSEU D&#8217;HIST\u00d2RIA"},"content":{"rendered":"<p>Compartim amb vosaltres l&#8217;agenda d&#8217;activitats del museu d&#8217;hist\u00f2ria de Catalunya amb activitats molt interessants per fer en fam\u00edlia.<\/p>\n<p><a href=\"https:\/\/www.campaign-index-01.com\/view.php?J=LmFN9vgeMidzrN7639HUp4i892DMyJvLnoW3C4Uff8f9892Jc&amp;C=tYvw20MS79xbah4NW0KpdA\" target=\"_blank\" rel=\"noopener\">AGENDA DESEMBRE<\/a><\/p>\n<p><img loading=\"lazy\" decoding=\"async\" class=\"aligncenter size-full wp-image-8252\" src=\"https:\/\/agora.xtec.cat\/ceip-santacreu-anglesola\/wp-content\/uploads\/usu483\/2025\/12\/1-1.jpg\" alt=\"\" width=\"774\" height=\"744\" srcset=\"https:\/\/agora.xtec.cat\/ceip-santacreu-anglesola\/wp-content\/uploads\/usu483\/2025\/12\/1-1.jpg 774w, https:\/\/agora.xtec.cat\/ceip-santacreu-anglesola\/wp-content\/uploads\/usu483\/2025\/12\/1-1-300x288.jpg 300w, https:\/\/agora.xtec.cat\/ceip-santacreu-anglesola\/wp-content\/uploads\/usu483\/2025\/12\/1-1-768x738.jpg 768w\" sizes=\"auto, (max-width: 774px) 100vw, 774px\" \/><\/p>\n<p>&nbsp;<\/p>\n","protected":false},"excerpt":{"rendered":"<p>Compartim amb vosaltres l&#8217;agenda d&#8217;activitats del museu d&#8217;hist\u00f2ria de Catalunya amb activitats molt interessants per fer en fam\u00edlia.<br \/>\n<a href=\"https:\/\/www.campaign-index-01.com\/view.php?J=LmFN9vgeMidzrN7639HUp4i892DMyJvLnoW3C4Uff8f9892Jc&amp;C=tYvw20MS79xbah4NW0KpdA\" target=\"_blank\" rel=\"noopener\">AGENDA DESEMBRE<\/a><\/p>\n<p>&nbsp;<\/p>\n","protected":false},"author":11,"featured_media":0,"comment_status":"open","ping_status":"open","sticky":false,"template":"","format":"standard","meta":{"_bbp_topic_count":0,"_bbp_reply_count":0,"_bbp_total_topic_count":0,"_bbp_total_reply_count":0,"_bbp_voice_count":0,"_bbp_anonymous_reply_count":0,"_bbp_topic_count_hidden":0,"_bbp_reply_count_hidden":0,"_bbp_forum_subforum_count":0,"footnotes":""},"categories":[54,4],"tags":[],"class_list":["post-8251","post","type-post","status-publish","format-standard","hentry","category-articles","category-portada"],"post_mailing_queue_ids":[],"_links":{"self":[{"href":"https:\/\/agora.xtec.cat\/ceip-santacreu-anglesola\/wp-json\/wp\/v2\/posts\/8251","targetHints":{"allow":["GET"]}}],"collection":[{"href":"https:\/\/agora.xtec.cat\/ceip-santacreu-anglesola\/wp-json\/wp\/v2\/posts"}],"about":[{"href":"https:\/\/agora.xtec.cat\/ceip-santacreu-anglesola\/wp-json\/wp\/v2\/types\/post"}],"author":[{"embeddable":true,"href":"https:\/\/agora.xtec.cat\/ceip-santacreu-anglesola\/wp-json\/wp\/v2\/users\/11"}],"replies":[{"embeddable":true,"href":"https:\/\/agora.xtec.cat\/ceip-santacreu-anglesola\/wp-json\/wp\/v2\/comments?post=8251"}],"version-history":[{"count":1,"href":"https:\/\/agora.xtec.cat\/ceip-santacreu-anglesola\/wp-json\/wp\/v2\/posts\/8251\/revisions"}],"predecessor-version":[{"id":8253,"href":"https:\/\/agora.xtec.cat\/ceip-santacreu-anglesola\/wp-json\/wp\/v2\/posts\/8251\/revisions\/8253"}],"wp:attachment":[{"href":"https:\/\/agora.xtec.cat\/ceip-santacreu-anglesola\/wp-json\/wp\/v2\/media?parent=8251"}],"wp:term":[{"taxonomy":"category","embeddable":true,"href":"https:\/\/agora.xtec.cat\/ceip-santacreu-anglesola\/wp-json\/wp\/v2\/categories?post=8251"},{"taxonomy":"post_tag","embeddable":true,"href":"https:\/\/agora.xtec.cat\/ceip-santacreu-anglesola\/wp-json\/wp\/v2\/tags?post=8251"}],"curies":[{"name":"wp","href":"https:\/\/api.w.org\/{rel}","templated":true}]}}