{"id":8245,"date":"2025-11-25T18:34:23","date_gmt":"2025-11-25T17:34:23","guid":{"rendered":"https:\/\/agora.xtec.cat\/ceip-santacreu-anglesola\/?p=8245"},"modified":"2025-11-25T18:34:23","modified_gmt":"2025-11-25T17:34:23","slug":"sise-a-lolimpiada-bebras","status":"publish","type":"post","link":"https:\/\/agora.xtec.cat\/ceip-santacreu-anglesola\/general\/sise-a-lolimpiada-bebras\/","title":{"rendered":"Sis\u00e8 a l&#8217;Olimp\u00edada Bebras"},"content":{"rendered":"<p data-start=\"180\" data-end=\"524\">Aquest curs, l\u2019alumnat de sis\u00e8 ha participat en l\u2019Olimp\u00edada Bebras, un concurs catal\u00e0 que t\u00e9 com a objectiu promoure i impulsar el pensament computacional a les escoles i instituts de prim\u00e0ria, secund\u00e0ria i batxillerat. La iniciativa forma part de l\u2019International Bebras Challenge, en qu\u00e8 cada any hi prenen part milions de joves de 85 pa\u00efsos.<\/p>\n<p data-start=\"526\" data-end=\"714\">Els exercicis consisteixen en reptes divertits pensats per estimular les capacitats anal\u00edtiques i de resoluci\u00f3 de problemes a trav\u00e9s de situacions l\u00f2giques, algor\u00edsmiques i computacionals.<\/p>\n<p data-start=\"716\" data-end=\"921\">Ja hem rebut els resultats i n\u2019estem molt contents: la nostra escola s\u2019ha situat per damunt de la mitjana de Catalunya. A m\u00e9s, dos alumnes han quedat dins del millor 5% de resultats i dos m\u00e9s dins del 10%.<\/p>\n<p data-start=\"716\" data-end=\"921\"><img loading=\"lazy\" decoding=\"async\" class=\"aligncenter\" src=\"https:\/\/scm.iec.cat\/wp-content\/uploads\/2025\/09\/FOTOS-FORA-AGENDA-e1757262935545-1024x631.png\" width=\"451\" height=\"278\" \/><\/p>\n","protected":false},"excerpt":{"rendered":"<p>Aquest curs, l\u2019alumnat de sis\u00e8 ha participat en l\u2019Olimp\u00edada Bebras, un concurs catal\u00e0 que t\u00e9 com a objectiu promoure i impulsar el pensament computacional a les escoles i instituts de prim\u00e0ria, secund\u00e0ria i batxillerat. La iniciativa forma part de l\u2019International Bebras Challenge, en qu\u00e8 cada&hellip;  <a href=\"https:\/\/agora.xtec.cat\/ceip-santacreu-anglesola\/general\/sise-a-lolimpiada-bebras\/\" title=\"Read Sis\u00e8 a l&#8217;Olimp\u00edada Bebras\">Llegeix m\u00e9s\u00bb<\/a><\/p>\n","protected":false},"author":1,"featured_media":8246,"comment_status":"closed","ping_status":"closed","sticky":false,"template":"","format":"standard","meta":{"_bbp_topic_count":0,"_bbp_reply_count":0,"_bbp_total_topic_count":0,"_bbp_total_reply_count":0,"_bbp_voice_count":0,"_bbp_anonymous_reply_count":0,"_bbp_topic_count_hidden":0,"_bbp_reply_count_hidden":0,"_bbp_forum_subforum_count":0,"footnotes":""},"categories":[15,1,4],"tags":[],"class_list":["post-8245","post","type-post","status-publish","format-standard","has-post-thumbnail","hentry","category-6e","category-general","category-portada"],"post_mailing_queue_ids":[],"_links":{"self":[{"href":"https:\/\/agora.xtec.cat\/ceip-santacreu-anglesola\/wp-json\/wp\/v2\/posts\/8245","targetHints":{"allow":["GET"]}}],"collection":[{"href":"https:\/\/agora.xtec.cat\/ceip-santacreu-anglesola\/wp-json\/wp\/v2\/posts"}],"about":[{"href":"https:\/\/agora.xtec.cat\/ceip-santacreu-anglesola\/wp-json\/wp\/v2\/types\/post"}],"author":[{"embeddable":true,"href":"https:\/\/agora.xtec.cat\/ceip-santacreu-anglesola\/wp-json\/wp\/v2\/users\/1"}],"replies":[{"embeddable":true,"href":"https:\/\/agora.xtec.cat\/ceip-santacreu-anglesola\/wp-json\/wp\/v2\/comments?post=8245"}],"version-history":[{"count":1,"href":"https:\/\/agora.xtec.cat\/ceip-santacreu-anglesola\/wp-json\/wp\/v2\/posts\/8245\/revisions"}],"predecessor-version":[{"id":8247,"href":"https:\/\/agora.xtec.cat\/ceip-santacreu-anglesola\/wp-json\/wp\/v2\/posts\/8245\/revisions\/8247"}],"wp:featuredmedia":[{"embeddable":true,"href":"https:\/\/agora.xtec.cat\/ceip-santacreu-anglesola\/wp-json\/wp\/v2\/media\/8246"}],"wp:attachment":[{"href":"https:\/\/agora.xtec.cat\/ceip-santacreu-anglesola\/wp-json\/wp\/v2\/media?parent=8245"}],"wp:term":[{"taxonomy":"category","embeddable":true,"href":"https:\/\/agora.xtec.cat\/ceip-santacreu-anglesola\/wp-json\/wp\/v2\/categories?post=8245"},{"taxonomy":"post_tag","embeddable":true,"href":"https:\/\/agora.xtec.cat\/ceip-santacreu-anglesola\/wp-json\/wp\/v2\/tags?post=8245"}],"curies":[{"name":"wp","href":"https:\/\/api.w.org\/{rel}","templated":true}]}}