{"id":8239,"date":"2025-11-25T13:55:18","date_gmt":"2025-11-25T12:55:18","guid":{"rendered":"https:\/\/agora.xtec.cat\/ceip-santacreu-anglesola\/?p=8239"},"modified":"2025-11-25T13:55:18","modified_gmt":"2025-11-25T12:55:18","slug":"tallers-de-respecte","status":"publish","type":"post","link":"https:\/\/agora.xtec.cat\/ceip-santacreu-anglesola\/portada\/tallers-de-respecte\/","title":{"rendered":"Tallers de respecte"},"content":{"rendered":"<p>Dimarts 25 de novembre a tercer vam rebre la visita de l&#8217;Encarna, una mossa de la comissaria de T\u00e0rrega,\u00a0 per tal de realitzar un taller de respecte.<\/p>\n<p>Vam comentar els diferents tipus d&#8217;actituds poc respectuoses, com hem d&#8217;actuar davant aquestes situacions, quines conseq\u00fc\u00e8ncies t\u00e9 no respectar als dem\u00e9s&#8230;<\/p>\n<p>A l&#8217;escola per damunt de tot volem formar persones compromeses amb la societat i contribuir d&#8217;aquesta manera a crear un m\u00f3n m\u00e9s just.<\/p>\n<p>Ha sigut un taller molt interessant!!!!! Gr\u00e0cies Encarna!<\/p>\n<p><a href=\"https:\/\/agora.xtec.cat\/ceip-santacreu-anglesola\/wp-content\/uploads\/usu483\/2025\/11\/mossos-logo.jpg\"><img loading=\"lazy\" decoding=\"async\" class=\"wp-image-8243 aligncenter\" src=\"https:\/\/agora.xtec.cat\/ceip-santacreu-anglesola\/wp-content\/uploads\/usu483\/2025\/11\/mossos-logo.jpg\" alt=\"\" width=\"118\" height=\"111\" srcset=\"https:\/\/agora.xtec.cat\/ceip-santacreu-anglesola\/wp-content\/uploads\/usu483\/2025\/11\/mossos-logo.jpg 480w, https:\/\/agora.xtec.cat\/ceip-santacreu-anglesola\/wp-content\/uploads\/usu483\/2025\/11\/mossos-logo-300x283.jpg 300w\" sizes=\"auto, (max-width: 118px) 100vw, 118px\" \/><\/a><\/p>\n","protected":false},"excerpt":{"rendered":"<p>Dimarts 25 de novembre a tercer vam rebre la visita de l&#8217;Encarna, una mossa de la comissaria de T\u00e0rrega,\u00a0 per tal de realitzar un taller de respecte.<br \/>\nVam comentar els diferents tipus d&#8217;actituds poc respectuoses, com hem d&#8217;actuar davant aquestes situacions, quines conseq\u00fc\u00e8ncies t\u00e9 no respectar&hellip;  <a href=\"https:\/\/agora.xtec.cat\/ceip-santacreu-anglesola\/portada\/tallers-de-respecte\/\" title=\"Read Tallers de respecte\">Llegeix m\u00e9s\u00bb<\/a><\/p>\n","protected":false},"author":47,"featured_media":8243,"comment_status":"open","ping_status":"open","sticky":false,"template":"","format":"standard","meta":{"_bbp_topic_count":0,"_bbp_reply_count":0,"_bbp_total_topic_count":0,"_bbp_total_reply_count":0,"_bbp_voice_count":0,"_bbp_anonymous_reply_count":0,"_bbp_topic_count_hidden":0,"_bbp_reply_count_hidden":0,"_bbp_forum_subforum_count":0,"footnotes":""},"categories":[4,5],"tags":[],"class_list":["post-8239","post","type-post","status-publish","format-standard","has-post-thumbnail","hentry","category-portada","category-primaria"],"post_mailing_queue_ids":[],"_links":{"self":[{"href":"https:\/\/agora.xtec.cat\/ceip-santacreu-anglesola\/wp-json\/wp\/v2\/posts\/8239","targetHints":{"allow":["GET"]}}],"collection":[{"href":"https:\/\/agora.xtec.cat\/ceip-santacreu-anglesola\/wp-json\/wp\/v2\/posts"}],"about":[{"href":"https:\/\/agora.xtec.cat\/ceip-santacreu-anglesola\/wp-json\/wp\/v2\/types\/post"}],"author":[{"embeddable":true,"href":"https:\/\/agora.xtec.cat\/ceip-santacreu-anglesola\/wp-json\/wp\/v2\/users\/47"}],"replies":[{"embeddable":true,"href":"https:\/\/agora.xtec.cat\/ceip-santacreu-anglesola\/wp-json\/wp\/v2\/comments?post=8239"}],"version-history":[{"count":1,"href":"https:\/\/agora.xtec.cat\/ceip-santacreu-anglesola\/wp-json\/wp\/v2\/posts\/8239\/revisions"}],"predecessor-version":[{"id":8244,"href":"https:\/\/agora.xtec.cat\/ceip-santacreu-anglesola\/wp-json\/wp\/v2\/posts\/8239\/revisions\/8244"}],"wp:featuredmedia":[{"embeddable":true,"href":"https:\/\/agora.xtec.cat\/ceip-santacreu-anglesola\/wp-json\/wp\/v2\/media\/8243"}],"wp:attachment":[{"href":"https:\/\/agora.xtec.cat\/ceip-santacreu-anglesola\/wp-json\/wp\/v2\/media?parent=8239"}],"wp:term":[{"taxonomy":"category","embeddable":true,"href":"https:\/\/agora.xtec.cat\/ceip-santacreu-anglesola\/wp-json\/wp\/v2\/categories?post=8239"},{"taxonomy":"post_tag","embeddable":true,"href":"https:\/\/agora.xtec.cat\/ceip-santacreu-anglesola\/wp-json\/wp\/v2\/tags?post=8239"}],"curies":[{"name":"wp","href":"https:\/\/api.w.org\/{rel}","templated":true}]}}