{"id":8230,"date":"2025-11-25T12:53:11","date_gmt":"2025-11-25T11:53:11","guid":{"rendered":"https:\/\/agora.xtec.cat\/ceip-santacreu-anglesola\/?p=8230"},"modified":"2025-11-25T12:53:50","modified_gmt":"2025-11-25T11:53:50","slug":"taller-a-carrec-dels-mossos-desquadra-a-4t","status":"publish","type":"post","link":"https:\/\/agora.xtec.cat\/ceip-santacreu-anglesola\/general\/taller-a-carrec-dels-mossos-desquadra-a-4t\/","title":{"rendered":"TALLER A C\u00c0RREC DELS MOSSOS D&#8217;ESQUADRA A 4t"},"content":{"rendered":"<p class=\"western\"><span style=\"font-family: Arial, sans-serif;\"><span style=\"font-size: medium;\">Aquest dimarts 25 de novembre, l\u2019alumnat de quart hem rebut la visita de l\u2019Encarna, la Mossa d\u2019Esquadra que ens ha realitzar el taller: <b>\u201cPrevenir l\u2019assetjament escolar entre iguals\u201d.<\/b><\/span><\/span><\/p>\n<p class=\"western\"><span style=\"font-family: Arial, sans-serif;\"><span style=\"font-size: medium;\">L\u2019objectiu d\u2019aquest taller \u00e9s el de conscienciar de la import\u00e0ncia de saber actuar davant aquestes situacions d\u2019assetjament. <\/span><\/span><\/p>\n<p class=\"western\"><span style=\"font-family: Arial, sans-serif;\"><span style=\"font-size: medium;\">En aquesta activitat ens ha explicat qu\u00e8 significa la paraula \u201cassetjament\u201di les conseq\u00fc\u00e8ncies que comporta no complir la llei, ja que \u00e9s una situaci\u00f3 que la llei castiga.<\/span><\/span><\/p>\n<p class=\"western\"><span style=\"font-family: Arial, sans-serif;\"><span style=\"font-size: medium;\">Despr\u00e9s, mitjan\u00e7ant unes imatges d\u2019un c\u00f2mic hem identificat situacions d\u2019assetjament i ens ha explicat els rols que prenen les diferents persones que estan presents en l\u2019assetjament: l\u2019agressor, la v\u00edctima, els\/les c\u00f2mplices i els observadors. <\/span><\/span> <span style=\"font-family: Arial, sans-serif;\"><span style=\"font-size: medium;\">Hem reflexionat i hem pres consci\u00e8ncia de la import\u00e0ncia que t\u00e9 ser responsables dels nostres actes i actuar davant les injust\u00edcies.<\/span><\/span><\/p>\n<p class=\"western\"><span style=\"font-family: Arial, sans-serif;\"><span style=\"font-size: medium;\">Tamb\u00e9 ens ha donat consells de qu\u00e8 podem fer quan presenciem una agressi\u00f3 per part d\u2019un agressor cap a una v\u00edctima. No podem quedar-nos quiets, hem d\u2019ajudar a la v\u00edctima: explicant-li a una persona referent, donant-li suport. <\/span><\/span><\/p>\n<p class=\"western\"><span style=\"font-family: Arial, sans-serif;\"><span style=\"font-size: medium;\">Ha estat un taller molt profit\u00f3s que ens ha ajudat a reflexionar i a entendre molt millor qu\u00e8 \u00e9s l\u2019assetjament i la import\u00e0ncia de la seva implicaci\u00f3 en el tractament i la resoluci\u00f3 del conflicte. <\/span><\/span><\/p>\n<p class=\"western\"><span style=\"font-family: Arial, sans-serif;\"><span style=\"font-size: medium;\">Cliqueu a la imatge per veure les fotografies.<\/span><\/span><\/p>\n<p style=\"text-align: center;\"><a href=\"https:\/\/agora.xtec.cat\/ceip-santacreu-anglesola\/?p=8236&amp;preview=true\" target=\"_blank\" rel=\"noopener\"><img loading=\"lazy\" decoding=\"async\" class=\"aligncenter wp-image-8234 size-full\" src=\"https:\/\/agora.xtec.cat\/ceip-santacreu-anglesola\/wp-content\/uploads\/usu483\/2025\/11\/baixa-1.jpg\" alt=\"\" width=\"267\" height=\"189\" \/><\/a><\/p>\n","protected":false},"excerpt":{"rendered":"<p>Aquest dimarts 25 de novembre, l\u2019alumnat de quart hem rebut la visita de l\u2019Encarna, la Mossa d\u2019Esquadra que ens ha realitzar el taller: \u201cPrevenir l\u2019assetjament escolar entre iguals\u201d.<br \/>\nL\u2019objectiu d\u2019aquest taller \u00e9s el de conscienciar de la import\u00e0ncia de saber actuar davant aquestes situacions d\u2019assetjament.<br \/>\nEn&hellip;  <a href=\"https:\/\/agora.xtec.cat\/ceip-santacreu-anglesola\/general\/taller-a-carrec-dels-mossos-desquadra-a-4t\/\" title=\"Read TALLER A C\u00c0RREC DELS MOSSOS D&#8217;ESQUADRA A 4t\">Llegeix m\u00e9s\u00bb<\/a><\/p>\n","protected":false},"author":16,"featured_media":8234,"comment_status":"closed","ping_status":"open","sticky":false,"template":"","format":"standard","meta":{"_bbp_topic_count":0,"_bbp_reply_count":0,"_bbp_total_topic_count":0,"_bbp_total_reply_count":0,"_bbp_voice_count":0,"_bbp_anonymous_reply_count":0,"_bbp_topic_count_hidden":0,"_bbp_reply_count_hidden":0,"_bbp_forum_subforum_count":0,"footnotes":""},"categories":[1,4],"tags":[],"class_list":["post-8230","post","type-post","status-publish","format-standard","has-post-thumbnail","hentry","category-general","category-portada"],"post_mailing_queue_ids":[],"_links":{"self":[{"href":"https:\/\/agora.xtec.cat\/ceip-santacreu-anglesola\/wp-json\/wp\/v2\/posts\/8230","targetHints":{"allow":["GET"]}}],"collection":[{"href":"https:\/\/agora.xtec.cat\/ceip-santacreu-anglesola\/wp-json\/wp\/v2\/posts"}],"about":[{"href":"https:\/\/agora.xtec.cat\/ceip-santacreu-anglesola\/wp-json\/wp\/v2\/types\/post"}],"author":[{"embeddable":true,"href":"https:\/\/agora.xtec.cat\/ceip-santacreu-anglesola\/wp-json\/wp\/v2\/users\/16"}],"replies":[{"embeddable":true,"href":"https:\/\/agora.xtec.cat\/ceip-santacreu-anglesola\/wp-json\/wp\/v2\/comments?post=8230"}],"version-history":[{"count":6,"href":"https:\/\/agora.xtec.cat\/ceip-santacreu-anglesola\/wp-json\/wp\/v2\/posts\/8230\/revisions"}],"predecessor-version":[{"id":8241,"href":"https:\/\/agora.xtec.cat\/ceip-santacreu-anglesola\/wp-json\/wp\/v2\/posts\/8230\/revisions\/8241"}],"wp:featuredmedia":[{"embeddable":true,"href":"https:\/\/agora.xtec.cat\/ceip-santacreu-anglesola\/wp-json\/wp\/v2\/media\/8234"}],"wp:attachment":[{"href":"https:\/\/agora.xtec.cat\/ceip-santacreu-anglesola\/wp-json\/wp\/v2\/media?parent=8230"}],"wp:term":[{"taxonomy":"category","embeddable":true,"href":"https:\/\/agora.xtec.cat\/ceip-santacreu-anglesola\/wp-json\/wp\/v2\/categories?post=8230"},{"taxonomy":"post_tag","embeddable":true,"href":"https:\/\/agora.xtec.cat\/ceip-santacreu-anglesola\/wp-json\/wp\/v2\/tags?post=8230"}],"curies":[{"name":"wp","href":"https:\/\/api.w.org\/{rel}","templated":true}]}}