{"id":8228,"date":"2025-11-24T16:00:15","date_gmt":"2025-11-24T15:00:15","guid":{"rendered":"https:\/\/agora.xtec.cat\/ceip-santacreu-anglesola\/?p=8228"},"modified":"2025-11-24T16:00:15","modified_gmt":"2025-11-24T15:00:15","slug":"alerta-mobils","status":"publish","type":"post","link":"https:\/\/agora.xtec.cat\/ceip-santacreu-anglesola\/portada\/alerta-mobils\/","title":{"rendered":"ALERTA: M\u00d2BILS"},"content":{"rendered":"<p>Cada dia ens arriben not\u00edcies i informacions sobre els efectes nocius de l\u2019ab\u00fas de les pantalles. Aix\u00ed i tot, els darrers anys estem detectant que un problema que associ\u00e0vem a l\u2019educaci\u00f3 secund\u00e0ria \u00e9s ben present a la prim\u00e0ria, tamb\u00e9 a la nostra escola, on hi ha alumnat que abusa de l\u2019\u00fas de pantalles (tauletes, m\u00f2bils&#8230;), la qual cosa afecta el seu rendiment escolar i benestar emocional.<\/p>\n<p>Un informe recent d&#8217;UNICEF <strong>Infancia, adolescencia y bienestar digital<\/strong>, basat en una macroenquesta a m\u00e9s de 93.000 nois i noies, alerta d&#8217;un augment del malestar emocional associat a l&#8217;omnipres\u00e8ncia del m\u00f2bil.<\/p>\n<p>Compartim amb vosaltres dos enlla\u00e7os que alerten sobre molts dels perills associats a l\u2019\u00fas prematur i indiscriminat d\u2019aparell m\u00f2bils amb internet, com l\u2019acc\u00e9s a la pornografia i l\u2019assetjament digital.<\/p>\n<p><a href=\"https:\/\/www.educac.cat\/index.php\/actualitat\/la-generacio-hiperconnectada-comenca-voler-desconnectar\" target=\"_blank\" rel=\"noopener\">La generaci\u00f3 hiperconnectada comen\u00e7a a voler desconnectar<\/a><\/p>\n<p><a href=\"https:\/\/www.educac.cat\/actualitat\/conversa-amb-carla-vall-i-duran\" target=\"_blank\" rel=\"noopener\">Conversa amb Carla Vall<\/a><\/p>\n<p>&nbsp;<\/p>\n","protected":false},"excerpt":{"rendered":"<p>Cada dia ens arriben not\u00edcies i informacions sobre els efectes nocius de l\u2019ab\u00fas de les pantalles. Aix\u00ed i tot, els darrers anys estem detectant que un problema que associ\u00e0vem a l\u2019educaci\u00f3 secund\u00e0ria \u00e9s ben present a la prim\u00e0ria, tamb\u00e9 a la nostra escola, on hi&hellip;  <a href=\"https:\/\/agora.xtec.cat\/ceip-santacreu-anglesola\/portada\/alerta-mobils\/\" title=\"Read ALERTA: M\u00d2BILS\">Llegeix m\u00e9s\u00bb<\/a><\/p>\n","protected":false},"author":11,"featured_media":0,"comment_status":"open","ping_status":"open","sticky":false,"template":"","format":"standard","meta":{"_bbp_topic_count":0,"_bbp_reply_count":0,"_bbp_total_topic_count":0,"_bbp_total_reply_count":0,"_bbp_voice_count":0,"_bbp_anonymous_reply_count":0,"_bbp_topic_count_hidden":0,"_bbp_reply_count_hidden":0,"_bbp_forum_subforum_count":0,"footnotes":""},"categories":[54,4],"tags":[],"class_list":["post-8228","post","type-post","status-publish","format-standard","hentry","category-articles","category-portada"],"post_mailing_queue_ids":[],"_links":{"self":[{"href":"https:\/\/agora.xtec.cat\/ceip-santacreu-anglesola\/wp-json\/wp\/v2\/posts\/8228","targetHints":{"allow":["GET"]}}],"collection":[{"href":"https:\/\/agora.xtec.cat\/ceip-santacreu-anglesola\/wp-json\/wp\/v2\/posts"}],"about":[{"href":"https:\/\/agora.xtec.cat\/ceip-santacreu-anglesola\/wp-json\/wp\/v2\/types\/post"}],"author":[{"embeddable":true,"href":"https:\/\/agora.xtec.cat\/ceip-santacreu-anglesola\/wp-json\/wp\/v2\/users\/11"}],"replies":[{"embeddable":true,"href":"https:\/\/agora.xtec.cat\/ceip-santacreu-anglesola\/wp-json\/wp\/v2\/comments?post=8228"}],"version-history":[{"count":1,"href":"https:\/\/agora.xtec.cat\/ceip-santacreu-anglesola\/wp-json\/wp\/v2\/posts\/8228\/revisions"}],"predecessor-version":[{"id":8229,"href":"https:\/\/agora.xtec.cat\/ceip-santacreu-anglesola\/wp-json\/wp\/v2\/posts\/8228\/revisions\/8229"}],"wp:attachment":[{"href":"https:\/\/agora.xtec.cat\/ceip-santacreu-anglesola\/wp-json\/wp\/v2\/media?parent=8228"}],"wp:term":[{"taxonomy":"category","embeddable":true,"href":"https:\/\/agora.xtec.cat\/ceip-santacreu-anglesola\/wp-json\/wp\/v2\/categories?post=8228"},{"taxonomy":"post_tag","embeddable":true,"href":"https:\/\/agora.xtec.cat\/ceip-santacreu-anglesola\/wp-json\/wp\/v2\/tags?post=8228"}],"curies":[{"name":"wp","href":"https:\/\/api.w.org\/{rel}","templated":true}]}}