{"id":8201,"date":"2025-11-13T11:45:39","date_gmt":"2025-11-13T10:45:39","guid":{"rendered":"https:\/\/agora.xtec.cat\/ceip-santacreu-anglesola\/?p=8201"},"modified":"2025-11-13T11:46:06","modified_gmt":"2025-11-13T10:46:06","slug":"activitats-a-la-biblioteca-de-tarrega","status":"publish","type":"post","link":"https:\/\/agora.xtec.cat\/ceip-santacreu-anglesola\/portada\/activitats-a-la-biblioteca-de-tarrega\/","title":{"rendered":"ACTIVITATS A LA BIBLIOTECA DE T\u00c0RREGA"},"content":{"rendered":"<p>Fam\u00edlies!<\/p>\n<p>A la biblioteca comarcal de T\u00e0rrega fan molt\u00edssimes activitats on podeu anar amb els vostres fills i filles. Al seu <a href=\"https:\/\/www.instagram.com\/biblioteca.tarrega\/\" target=\"_blank\" rel=\"noopener\">INSTAGRAM<\/a> podeu trobar tota la informaci\u00f3.<\/p>\n<p><img decoding=\"async\" class=\"aligncenter\" src=\"https:\/\/encrypted-tbn0.gstatic.com\/images?q=tbn:ANd9GcS-ouYnfbaMvY9uDisYrpVFNNNxLvfc7dsmog&amp;s\" alt=\"Biblioteca P\u00fablica de T\u00e0rrega - Germanes G\u00fcell | T\u00e1rrega\" \/><\/p>\n","protected":false},"excerpt":{"rendered":"<p>Fam\u00edlies!<br \/>\nA la biblioteca comarcal de T\u00e0rrega fan molt\u00edssimes activitats on podeu anar amb els vostres fills i filles. Al seu <a href=\"https:\/\/www.instagram.com\/biblioteca.tarrega\/\" target=\"_blank\" rel=\"noopener\">INSTAGRAM<\/a> podeu trobar tota la informaci\u00f3.<\/p>\n","protected":false},"author":11,"featured_media":0,"comment_status":"closed","ping_status":"open","sticky":false,"template":"","format":"standard","meta":{"_bbp_topic_count":0,"_bbp_reply_count":0,"_bbp_total_topic_count":0,"_bbp_total_reply_count":0,"_bbp_voice_count":0,"_bbp_anonymous_reply_count":0,"_bbp_topic_count_hidden":0,"_bbp_reply_count_hidden":0,"_bbp_forum_subforum_count":0,"footnotes":""},"categories":[4,65],"tags":[],"class_list":["post-8201","post","type-post","status-publish","format-standard","hentry","category-portada","category-suggeriments"],"post_mailing_queue_ids":[],"_links":{"self":[{"href":"https:\/\/agora.xtec.cat\/ceip-santacreu-anglesola\/wp-json\/wp\/v2\/posts\/8201","targetHints":{"allow":["GET"]}}],"collection":[{"href":"https:\/\/agora.xtec.cat\/ceip-santacreu-anglesola\/wp-json\/wp\/v2\/posts"}],"about":[{"href":"https:\/\/agora.xtec.cat\/ceip-santacreu-anglesola\/wp-json\/wp\/v2\/types\/post"}],"author":[{"embeddable":true,"href":"https:\/\/agora.xtec.cat\/ceip-santacreu-anglesola\/wp-json\/wp\/v2\/users\/11"}],"replies":[{"embeddable":true,"href":"https:\/\/agora.xtec.cat\/ceip-santacreu-anglesola\/wp-json\/wp\/v2\/comments?post=8201"}],"version-history":[{"count":2,"href":"https:\/\/agora.xtec.cat\/ceip-santacreu-anglesola\/wp-json\/wp\/v2\/posts\/8201\/revisions"}],"predecessor-version":[{"id":8203,"href":"https:\/\/agora.xtec.cat\/ceip-santacreu-anglesola\/wp-json\/wp\/v2\/posts\/8201\/revisions\/8203"}],"wp:attachment":[{"href":"https:\/\/agora.xtec.cat\/ceip-santacreu-anglesola\/wp-json\/wp\/v2\/media?parent=8201"}],"wp:term":[{"taxonomy":"category","embeddable":true,"href":"https:\/\/agora.xtec.cat\/ceip-santacreu-anglesola\/wp-json\/wp\/v2\/categories?post=8201"},{"taxonomy":"post_tag","embeddable":true,"href":"https:\/\/agora.xtec.cat\/ceip-santacreu-anglesola\/wp-json\/wp\/v2\/tags?post=8201"}],"curies":[{"name":"wp","href":"https:\/\/api.w.org\/{rel}","templated":true}]}}