{"id":8190,"date":"2025-11-06T11:23:39","date_gmt":"2025-11-06T10:23:39","guid":{"rendered":"https:\/\/agora.xtec.cat\/ceip-santacreu-anglesola\/?p=8190"},"modified":"2025-11-06T12:13:46","modified_gmt":"2025-11-06T11:13:46","slug":"xerrada-sobre-educacio-afectivo-sexual","status":"publish","type":"post","link":"https:\/\/agora.xtec.cat\/ceip-santacreu-anglesola\/general\/xerrada-sobre-educacio-afectivo-sexual\/","title":{"rendered":"Xerrada sobre educaci\u00f3 afectivo-sexual"},"content":{"rendered":"<p style=\"text-align: left;\">L\u2019alumnat de 5\u00e8 ha participat en una xerrada sobre educaci\u00f3 afectivo-sexual amb l\u2019objectiu de con\u00e8ixer millor els canvis f\u00edsics i emocionals que es produeixen durant la pubertat. A trav\u00e9s d\u2019una sessi\u00f3 din\u00e0mica i adaptada a la seva edat, s\u2019han abordat temes com els canvis hormonals, la menstruaci\u00f3,&#8230;, tot des d\u2019un punt de vista natural, respectu\u00f3s i educatiu.<br \/>\nTamb\u00e9 s\u2019ha reflexionat sobre la import\u00e0ncia de con\u00e8ixer i cuidar el propi cos, el respecte pels altres, els l\u00edmits personals i la gesti\u00f3 de les emocions. L\u2019activitat ha estat una oportunitat per resoldre dubtes, trencar tab\u00fas i fomentar valors com el respecte, la igualtat i l\u2019autoestima.<\/p>\n<p><a href=\"https:\/\/agora.xtec.cat\/ceip-santacreu-anglesola\/wp-content\/uploads\/usu483\/2025\/11\/foto.jpg\"><img loading=\"lazy\" decoding=\"async\" class=\" wp-image-8193 aligncenter\" src=\"https:\/\/agora.xtec.cat\/ceip-santacreu-anglesola\/wp-content\/uploads\/usu483\/2025\/11\/foto-1024x724.jpg\" alt=\"\" width=\"610\" height=\"431\" srcset=\"https:\/\/agora.xtec.cat\/ceip-santacreu-anglesola\/wp-content\/uploads\/usu483\/2025\/11\/foto-1024x724.jpg 1024w, https:\/\/agora.xtec.cat\/ceip-santacreu-anglesola\/wp-content\/uploads\/usu483\/2025\/11\/foto-300x212.jpg 300w, https:\/\/agora.xtec.cat\/ceip-santacreu-anglesola\/wp-content\/uploads\/usu483\/2025\/11\/foto-768x543.jpg 768w, https:\/\/agora.xtec.cat\/ceip-santacreu-anglesola\/wp-content\/uploads\/usu483\/2025\/11\/foto-1536x1086.jpg 1536w, https:\/\/agora.xtec.cat\/ceip-santacreu-anglesola\/wp-content\/uploads\/usu483\/2025\/11\/foto.jpg 2000w\" sizes=\"auto, (max-width: 610px) 100vw, 610px\" \/><\/a><\/p>\n<p>&nbsp;<\/p>\n","protected":false},"excerpt":{"rendered":"<p>L\u2019alumnat de 5\u00e8 ha participat en una xerrada sobre educaci\u00f3 afectivo-sexual amb l\u2019objectiu de con\u00e8ixer millor els canvis f\u00edsics i emocionals que es produeixen durant la pubertat. A trav\u00e9s d\u2019una sessi\u00f3 din\u00e0mica i adaptada a la seva edat, s\u2019han abordat temes com els canvis hormonals,&hellip;  <a href=\"https:\/\/agora.xtec.cat\/ceip-santacreu-anglesola\/general\/xerrada-sobre-educacio-afectivo-sexual\/\" title=\"Read Xerrada sobre educaci\u00f3 afectivo-sexual\">Llegeix m\u00e9s\u00bb<\/a><\/p>\n","protected":false},"author":44,"featured_media":8193,"comment_status":"open","ping_status":"open","sticky":false,"template":"","format":"standard","meta":{"_bbp_topic_count":0,"_bbp_reply_count":0,"_bbp_total_topic_count":0,"_bbp_total_reply_count":0,"_bbp_voice_count":0,"_bbp_anonymous_reply_count":0,"_bbp_topic_count_hidden":0,"_bbp_reply_count_hidden":0,"_bbp_forum_subforum_count":0,"footnotes":""},"categories":[1,4],"tags":[],"class_list":["post-8190","post","type-post","status-publish","format-standard","has-post-thumbnail","hentry","category-general","category-portada"],"post_mailing_queue_ids":[],"_links":{"self":[{"href":"https:\/\/agora.xtec.cat\/ceip-santacreu-anglesola\/wp-json\/wp\/v2\/posts\/8190","targetHints":{"allow":["GET"]}}],"collection":[{"href":"https:\/\/agora.xtec.cat\/ceip-santacreu-anglesola\/wp-json\/wp\/v2\/posts"}],"about":[{"href":"https:\/\/agora.xtec.cat\/ceip-santacreu-anglesola\/wp-json\/wp\/v2\/types\/post"}],"author":[{"embeddable":true,"href":"https:\/\/agora.xtec.cat\/ceip-santacreu-anglesola\/wp-json\/wp\/v2\/users\/44"}],"replies":[{"embeddable":true,"href":"https:\/\/agora.xtec.cat\/ceip-santacreu-anglesola\/wp-json\/wp\/v2\/comments?post=8190"}],"version-history":[{"count":2,"href":"https:\/\/agora.xtec.cat\/ceip-santacreu-anglesola\/wp-json\/wp\/v2\/posts\/8190\/revisions"}],"predecessor-version":[{"id":8195,"href":"https:\/\/agora.xtec.cat\/ceip-santacreu-anglesola\/wp-json\/wp\/v2\/posts\/8190\/revisions\/8195"}],"wp:featuredmedia":[{"embeddable":true,"href":"https:\/\/agora.xtec.cat\/ceip-santacreu-anglesola\/wp-json\/wp\/v2\/media\/8193"}],"wp:attachment":[{"href":"https:\/\/agora.xtec.cat\/ceip-santacreu-anglesola\/wp-json\/wp\/v2\/media?parent=8190"}],"wp:term":[{"taxonomy":"category","embeddable":true,"href":"https:\/\/agora.xtec.cat\/ceip-santacreu-anglesola\/wp-json\/wp\/v2\/categories?post=8190"},{"taxonomy":"post_tag","embeddable":true,"href":"https:\/\/agora.xtec.cat\/ceip-santacreu-anglesola\/wp-json\/wp\/v2\/tags?post=8190"}],"curies":[{"name":"wp","href":"https:\/\/api.w.org\/{rel}","templated":true}]}}