{"id":8182,"date":"2025-11-05T12:06:42","date_gmt":"2025-11-05T11:06:42","guid":{"rendered":"https:\/\/agora.xtec.cat\/ceip-santacreu-anglesola\/?p=8182"},"modified":"2025-11-05T12:06:42","modified_gmt":"2025-11-05T11:06:42","slug":"xerrada-internet-segura","status":"publish","type":"post","link":"https:\/\/agora.xtec.cat\/ceip-santacreu-anglesola\/general\/xerrada-internet-segura\/","title":{"rendered":"XERRADA &#8220;INTERNET SEGURA&#8221;"},"content":{"rendered":"<p data-start=\"111\" data-end=\"294\">Com cada curs, a la nostra escola ens han visitat els Mossos d\u2019Esquadra. Aquesta vegada ens han parlat sobre el ciberassetjament, un tema molt important avui dia.<\/p>\n<p data-start=\"296\" data-end=\"514\">Ens han explicat qu\u00e8 \u00e9s, com pot passar i qu\u00e8 hem de fer si ens trobem en una situaci\u00f3 aix\u00ed. Tamb\u00e9 ens han donat consells per estar segurs a les xarxes i per respectar sempre els altres.<\/p>\n<p data-start=\"516\" data-end=\"762\">Ens han recordat que, per l\u2019edat que tenim, encara no \u00e9s moment de tenir m\u00f2bil ni d\u2019entrar a les xarxes socials, ja que poden ser espais complicats. \u00c9s millor esperar una mica i fer-ho m\u00e9s endavant, quan siguem m\u00e9s grans i responsables.<\/p>\n<p data-start=\"764\" data-end=\"890\">Ha estat una xerrada molt interessant i hem apr\u00e9s que a Internet tamb\u00e9 hem de comportar-nos b\u00e9 i ajudar-nos entre tots.<\/p>\n<p data-start=\"764\" data-end=\"890\">\n<p data-start=\"764\" data-end=\"890\"><a href=\"https:\/\/agora.xtec.cat\/ceip-santacreu-anglesola\/wp-content\/uploads\/usu483\/2025\/11\/Diseno-sin-titulo-1.jpg\"><img loading=\"lazy\" decoding=\"async\" class=\" wp-image-8184 aligncenter\" src=\"https:\/\/agora.xtec.cat\/ceip-santacreu-anglesola\/wp-content\/uploads\/usu483\/2025\/11\/Diseno-sin-titulo-1-1024x724.jpg\" alt=\"\" width=\"885\" height=\"626\" srcset=\"https:\/\/agora.xtec.cat\/ceip-santacreu-anglesola\/wp-content\/uploads\/usu483\/2025\/11\/Diseno-sin-titulo-1-1024x724.jpg 1024w, https:\/\/agora.xtec.cat\/ceip-santacreu-anglesola\/wp-content\/uploads\/usu483\/2025\/11\/Diseno-sin-titulo-1-300x212.jpg 300w, https:\/\/agora.xtec.cat\/ceip-santacreu-anglesola\/wp-content\/uploads\/usu483\/2025\/11\/Diseno-sin-titulo-1-768x543.jpg 768w, https:\/\/agora.xtec.cat\/ceip-santacreu-anglesola\/wp-content\/uploads\/usu483\/2025\/11\/Diseno-sin-titulo-1-1536x1086.jpg 1536w, https:\/\/agora.xtec.cat\/ceip-santacreu-anglesola\/wp-content\/uploads\/usu483\/2025\/11\/Diseno-sin-titulo-1.jpg 2000w\" sizes=\"auto, (max-width: 885px) 100vw, 885px\" \/><\/a><\/p>\n","protected":false},"excerpt":{"rendered":"<p>Com cada curs, a la nostra escola ens han visitat els Mossos d\u2019Esquadra. Aquesta vegada ens han parlat sobre el ciberassetjament, un tema molt important avui dia.<br \/>\nEns han explicat qu\u00e8 \u00e9s, com pot passar i qu\u00e8 hem de fer si ens trobem en una situaci\u00f3&hellip;  <a href=\"https:\/\/agora.xtec.cat\/ceip-santacreu-anglesola\/general\/xerrada-internet-segura\/\" title=\"Read XERRADA &#8220;INTERNET SEGURA&#8221;\">Llegeix m\u00e9s\u00bb<\/a><\/p>\n","protected":false},"author":1,"featured_media":8184,"comment_status":"closed","ping_status":"closed","sticky":false,"template":"","format":"standard","meta":{"_bbp_topic_count":0,"_bbp_reply_count":0,"_bbp_total_topic_count":0,"_bbp_total_reply_count":0,"_bbp_voice_count":0,"_bbp_anonymous_reply_count":0,"_bbp_topic_count_hidden":0,"_bbp_reply_count_hidden":0,"_bbp_forum_subforum_count":0,"footnotes":""},"categories":[1,4],"tags":[],"class_list":["post-8182","post","type-post","status-publish","format-standard","has-post-thumbnail","hentry","category-general","category-portada"],"post_mailing_queue_ids":[],"_links":{"self":[{"href":"https:\/\/agora.xtec.cat\/ceip-santacreu-anglesola\/wp-json\/wp\/v2\/posts\/8182","targetHints":{"allow":["GET"]}}],"collection":[{"href":"https:\/\/agora.xtec.cat\/ceip-santacreu-anglesola\/wp-json\/wp\/v2\/posts"}],"about":[{"href":"https:\/\/agora.xtec.cat\/ceip-santacreu-anglesola\/wp-json\/wp\/v2\/types\/post"}],"author":[{"embeddable":true,"href":"https:\/\/agora.xtec.cat\/ceip-santacreu-anglesola\/wp-json\/wp\/v2\/users\/1"}],"replies":[{"embeddable":true,"href":"https:\/\/agora.xtec.cat\/ceip-santacreu-anglesola\/wp-json\/wp\/v2\/comments?post=8182"}],"version-history":[{"count":3,"href":"https:\/\/agora.xtec.cat\/ceip-santacreu-anglesola\/wp-json\/wp\/v2\/posts\/8182\/revisions"}],"predecessor-version":[{"id":8186,"href":"https:\/\/agora.xtec.cat\/ceip-santacreu-anglesola\/wp-json\/wp\/v2\/posts\/8182\/revisions\/8186"}],"wp:featuredmedia":[{"embeddable":true,"href":"https:\/\/agora.xtec.cat\/ceip-santacreu-anglesola\/wp-json\/wp\/v2\/media\/8184"}],"wp:attachment":[{"href":"https:\/\/agora.xtec.cat\/ceip-santacreu-anglesola\/wp-json\/wp\/v2\/media?parent=8182"}],"wp:term":[{"taxonomy":"category","embeddable":true,"href":"https:\/\/agora.xtec.cat\/ceip-santacreu-anglesola\/wp-json\/wp\/v2\/categories?post=8182"},{"taxonomy":"post_tag","embeddable":true,"href":"https:\/\/agora.xtec.cat\/ceip-santacreu-anglesola\/wp-json\/wp\/v2\/tags?post=8182"}],"curies":[{"name":"wp","href":"https:\/\/api.w.org\/{rel}","templated":true}]}}