{"id":8173,"date":"2025-11-04T11:30:01","date_gmt":"2025-11-04T10:30:01","guid":{"rendered":"https:\/\/agora.xtec.cat\/ceip-santacreu-anglesola\/?p=8173"},"modified":"2025-11-04T11:30:01","modified_gmt":"2025-11-04T10:30:01","slug":"sortida-primaria","status":"publish","type":"post","link":"https:\/\/agora.xtec.cat\/ceip-santacreu-anglesola\/general\/sortida-primaria\/","title":{"rendered":"SORTIDA PRIM\u00c0RIA"},"content":{"rendered":"<p align=\"justify\"><span style=\"font-family: Calibri, sans-serif;\">El passat dimecres 29 d\u2019octubre, l\u2019alumnat de prim\u00e0ria vam realitzar una sortida al Museu de Guissona, on vam aprendre moltes curiositats sobre la ciutat romana de Iesso. Aquesta visita ens va permetre endinsar-nos en la vida quotidiana dels habitants d\u2019aquella antiga ciutat i entendre millor com vivien, treballaven i s\u2019organitzaven fa m\u00e9s de dos mil anys.<\/span><\/p>\n<p align=\"justify\"><span style=\"font-family: Calibri, sans-serif;\">Durant el mat\u00ed, vam participar en <\/span><span style=\"font-family: Calibri, sans-serif;\">diferents tallers pr\u00e0ctics i molt interessants<\/span><span style=\"font-family: Calibri, sans-serif;\">. Vam treballar amb <\/span><span style=\"font-family: Calibri, sans-serif;\">fang<\/span><span style=\"font-family: Calibri, sans-serif;\"> i vam poder experimentar com els romans elaboraven els seus objectes de cer\u00e0mica. Tamb\u00e9 vam <\/span><span style=\"font-family: Calibri, sans-serif;\">comparar objectes actuals amb els de l\u2019\u00e8poca romana<\/span><span style=\"font-family: Calibri, sans-serif;\">, la qual cosa ens va ajudar a adonar-nos de com han evolucionat les eines i els utensilis al llarg del temps. Finalment, vam <\/span><span style=\"font-family: Calibri, sans-serif;\">descobrir la vestimenta i les armadures<\/span><span style=\"font-family: Calibri, sans-serif;\"> que utilitzaven els romans i vam aprendre el significat i la funci\u00f3 de cada pe\u00e7a de roba i element protector.<\/span><\/p>\n<p align=\"justify\"><span style=\"font-family: Calibri, sans-serif;\">Tot i que la <\/span><span style=\"font-family: Calibri, sans-serif;\">pluja<\/span><span style=\"font-family: Calibri, sans-serif;\"> no ens va permetre fer les activitats a l\u2019exterior, vam gaudir molt de tot el que ens van ensenyar.<\/span><\/p>\n<p align=\"justify\"><span style=\"font-family: Calibri, sans-serif;\">A la tarda, la sortida va continuar amb la visita al <\/span><span style=\"font-family: Calibri, sans-serif;\">Castell de les Pallargues<\/span><span style=\"font-family: Calibri, sans-serif;\">, un edifici imponent que ens va transportar directament al <\/span><span style=\"font-family: Calibri, sans-serif;\">segle XI<\/span><span style=\"font-family: Calibri, sans-serif;\">. All\u00e0 vam descobrir com era la vida en un castell medieval, vam poder visitar diferents estances i imaginar-nos com hi vivien els seus habitants.<\/span><\/p>\n<p align=\"justify\"><span style=\"font-family: Calibri, sans-serif;\">Va ser una <\/span><span style=\"font-family: Calibri, sans-serif;\">jornada molt completa i enriquidora<\/span><span style=\"font-family: Calibri, sans-serif;\">, plena d\u2019aprenentatges, hist\u00f2ries i moments compartits. Ens ho vam passar <\/span><span style=\"font-family: Calibri, sans-serif;\">d\u2019all\u00f2 m\u00e9s b\u00e9!<\/span><\/p>\n<p align=\"justify\"><a href=\"https:\/\/agora.xtec.cat\/ceip-santacreu-anglesola\/?p=8174&amp;preview=true\"><img loading=\"lazy\" decoding=\"async\" class=\" wp-image-8175 aligncenter\" src=\"https:\/\/agora.xtec.cat\/ceip-santacreu-anglesola\/wp-content\/uploads\/usu483\/2025\/11\/Diseno-sin-titulo-1024x724.jpg\" alt=\"\" width=\"820\" height=\"580\" srcset=\"https:\/\/agora.xtec.cat\/ceip-santacreu-anglesola\/wp-content\/uploads\/usu483\/2025\/11\/Diseno-sin-titulo-1024x724.jpg 1024w, https:\/\/agora.xtec.cat\/ceip-santacreu-anglesola\/wp-content\/uploads\/usu483\/2025\/11\/Diseno-sin-titulo-300x212.jpg 300w, https:\/\/agora.xtec.cat\/ceip-santacreu-anglesola\/wp-content\/uploads\/usu483\/2025\/11\/Diseno-sin-titulo-768x543.jpg 768w, https:\/\/agora.xtec.cat\/ceip-santacreu-anglesola\/wp-content\/uploads\/usu483\/2025\/11\/Diseno-sin-titulo-1536x1086.jpg 1536w, https:\/\/agora.xtec.cat\/ceip-santacreu-anglesola\/wp-content\/uploads\/usu483\/2025\/11\/Diseno-sin-titulo.jpg 2000w\" sizes=\"auto, (max-width: 820px) 100vw, 820px\" \/><\/a><\/p>\n","protected":false},"excerpt":{"rendered":"<p>El passat dimecres 29 d\u2019octubre, l\u2019alumnat de prim\u00e0ria vam realitzar una sortida al Museu de Guissona, on vam aprendre moltes curiositats sobre la ciutat romana de Iesso. Aquesta visita ens va permetre endinsar-nos en la vida quotidiana dels habitants d\u2019aquella antiga ciutat i entendre millor&hellip;  <a href=\"https:\/\/agora.xtec.cat\/ceip-santacreu-anglesola\/general\/sortida-primaria\/\" title=\"Read SORTIDA PRIM\u00c0RIA\">Llegeix m\u00e9s\u00bb<\/a><\/p>\n","protected":false},"author":44,"featured_media":8175,"comment_status":"open","ping_status":"open","sticky":false,"template":"","format":"standard","meta":{"_bbp_topic_count":0,"_bbp_reply_count":0,"_bbp_total_topic_count":0,"_bbp_total_reply_count":0,"_bbp_voice_count":0,"_bbp_anonymous_reply_count":0,"_bbp_topic_count_hidden":0,"_bbp_reply_count_hidden":0,"_bbp_forum_subforum_count":0,"footnotes":""},"categories":[1,4],"tags":[],"class_list":["post-8173","post","type-post","status-publish","format-standard","has-post-thumbnail","hentry","category-general","category-portada"],"post_mailing_queue_ids":[],"_links":{"self":[{"href":"https:\/\/agora.xtec.cat\/ceip-santacreu-anglesola\/wp-json\/wp\/v2\/posts\/8173","targetHints":{"allow":["GET"]}}],"collection":[{"href":"https:\/\/agora.xtec.cat\/ceip-santacreu-anglesola\/wp-json\/wp\/v2\/posts"}],"about":[{"href":"https:\/\/agora.xtec.cat\/ceip-santacreu-anglesola\/wp-json\/wp\/v2\/types\/post"}],"author":[{"embeddable":true,"href":"https:\/\/agora.xtec.cat\/ceip-santacreu-anglesola\/wp-json\/wp\/v2\/users\/44"}],"replies":[{"embeddable":true,"href":"https:\/\/agora.xtec.cat\/ceip-santacreu-anglesola\/wp-json\/wp\/v2\/comments?post=8173"}],"version-history":[{"count":1,"href":"https:\/\/agora.xtec.cat\/ceip-santacreu-anglesola\/wp-json\/wp\/v2\/posts\/8173\/revisions"}],"predecessor-version":[{"id":8176,"href":"https:\/\/agora.xtec.cat\/ceip-santacreu-anglesola\/wp-json\/wp\/v2\/posts\/8173\/revisions\/8176"}],"wp:featuredmedia":[{"embeddable":true,"href":"https:\/\/agora.xtec.cat\/ceip-santacreu-anglesola\/wp-json\/wp\/v2\/media\/8175"}],"wp:attachment":[{"href":"https:\/\/agora.xtec.cat\/ceip-santacreu-anglesola\/wp-json\/wp\/v2\/media?parent=8173"}],"wp:term":[{"taxonomy":"category","embeddable":true,"href":"https:\/\/agora.xtec.cat\/ceip-santacreu-anglesola\/wp-json\/wp\/v2\/categories?post=8173"},{"taxonomy":"post_tag","embeddable":true,"href":"https:\/\/agora.xtec.cat\/ceip-santacreu-anglesola\/wp-json\/wp\/v2\/tags?post=8173"}],"curies":[{"name":"wp","href":"https:\/\/api.w.org\/{rel}","templated":true}]}}