{"id":8152,"date":"2025-11-04T10:53:43","date_gmt":"2025-11-04T09:53:43","guid":{"rendered":"https:\/\/agora.xtec.cat\/ceip-santacreu-anglesola\/?p=8152"},"modified":"2025-11-04T10:59:44","modified_gmt":"2025-11-04T09:59:44","slug":"teatre-educacio-infantil-i4-i5","status":"publish","type":"post","link":"https:\/\/agora.xtec.cat\/ceip-santacreu-anglesola\/general\/teatre-educacio-infantil-i4-i5\/","title":{"rendered":"TEATRE EDUCACI\u00d3 INFANTIL I4-I5"},"content":{"rendered":"<p>El passat dia 29 d&#8217;octubre l&#8217;alumnat d&#8217;I4 i I5 vam poder gaudir de l&#8217;obra &#8220;Bon profit!&#8221; al teatre Ateneu de T\u00e0rrega, dins el marc\u00a0del Programa Comarcal de Suport a l\u2019Educaci\u00f3 a l\u2019Urgell del curs 25-26.<\/p>\n<p>La protagonista\u00a0 de l&#8217;obra \u00e9s una grangera que ha de preparar un dinar per a 25 persones, i per aconseguir-ho necessita l\u2019ajuda del p\u00fablic. Amb aquesta premissa, els infants van aprendre el cicle de vida de les verdures i quines s\u00f3n les seves propietats, a m\u00e9s a m\u00e9s de descobrir la import\u00e0ncia de menjar de tot i convertir-se en uns experts en alimentaci\u00f3 saludable.<\/p>\n<p>Vam passar un mat\u00ed molt agradable juntament als nens i nenes de la resta d&#8217;escoles de la comarca que van assistir-hi.<\/p>\n<p><a href=\"https:\/\/agora.xtec.cat\/ceip-santacreu-anglesola\/general\/imatges-teatre-infantil\/\"><img loading=\"lazy\" decoding=\"async\" class=\"aligncenter wp-image-8158\" src=\"https:\/\/agora.xtec.cat\/ceip-santacreu-anglesola\/wp-content\/uploads\/usu483\/2025\/11\/Bon-profit.jpg\" alt=\"\" width=\"348\" height=\"168\" srcset=\"https:\/\/agora.xtec.cat\/ceip-santacreu-anglesola\/wp-content\/uploads\/usu483\/2025\/11\/Bon-profit.jpg 620w, https:\/\/agora.xtec.cat\/ceip-santacreu-anglesola\/wp-content\/uploads\/usu483\/2025\/11\/Bon-profit-300x145.jpg 300w\" sizes=\"auto, (max-width: 348px) 100vw, 348px\" \/><\/a><\/p>\n","protected":false},"excerpt":{"rendered":"<p>El passat dia 29 d&#8217;octubre l&#8217;alumnat d&#8217;I4 i I5 vam poder gaudir de l&#8217;obra &#8220;Bon profit!&#8221; al teatre Ateneu de T\u00e0rrega, dins el marc\u00a0del Programa Comarcal de Suport a l\u2019Educaci\u00f3 a l\u2019Urgell del curs 25-26.<br \/>\nLa protagonista\u00a0 de l&#8217;obra \u00e9s una grangera que ha de preparar&hellip;  <a href=\"https:\/\/agora.xtec.cat\/ceip-santacreu-anglesola\/general\/teatre-educacio-infantil-i4-i5\/\" title=\"Read TEATRE EDUCACI\u00d3 INFANTIL I4-I5\">Llegeix m\u00e9s\u00bb<\/a><\/p>\n","protected":false},"author":24,"featured_media":8158,"comment_status":"closed","ping_status":"closed","sticky":false,"template":"","format":"standard","meta":{"_bbp_topic_count":0,"_bbp_reply_count":0,"_bbp_total_topic_count":0,"_bbp_total_reply_count":0,"_bbp_voice_count":0,"_bbp_anonymous_reply_count":0,"_bbp_topic_count_hidden":0,"_bbp_reply_count_hidden":0,"_bbp_forum_subforum_count":0,"footnotes":""},"categories":[1,4],"tags":[],"class_list":["post-8152","post","type-post","status-publish","format-standard","has-post-thumbnail","hentry","category-general","category-portada"],"post_mailing_queue_ids":[],"_links":{"self":[{"href":"https:\/\/agora.xtec.cat\/ceip-santacreu-anglesola\/wp-json\/wp\/v2\/posts\/8152","targetHints":{"allow":["GET"]}}],"collection":[{"href":"https:\/\/agora.xtec.cat\/ceip-santacreu-anglesola\/wp-json\/wp\/v2\/posts"}],"about":[{"href":"https:\/\/agora.xtec.cat\/ceip-santacreu-anglesola\/wp-json\/wp\/v2\/types\/post"}],"author":[{"embeddable":true,"href":"https:\/\/agora.xtec.cat\/ceip-santacreu-anglesola\/wp-json\/wp\/v2\/users\/24"}],"replies":[{"embeddable":true,"href":"https:\/\/agora.xtec.cat\/ceip-santacreu-anglesola\/wp-json\/wp\/v2\/comments?post=8152"}],"version-history":[{"count":6,"href":"https:\/\/agora.xtec.cat\/ceip-santacreu-anglesola\/wp-json\/wp\/v2\/posts\/8152\/revisions"}],"predecessor-version":[{"id":8171,"href":"https:\/\/agora.xtec.cat\/ceip-santacreu-anglesola\/wp-json\/wp\/v2\/posts\/8152\/revisions\/8171"}],"wp:featuredmedia":[{"embeddable":true,"href":"https:\/\/agora.xtec.cat\/ceip-santacreu-anglesola\/wp-json\/wp\/v2\/media\/8158"}],"wp:attachment":[{"href":"https:\/\/agora.xtec.cat\/ceip-santacreu-anglesola\/wp-json\/wp\/v2\/media?parent=8152"}],"wp:term":[{"taxonomy":"category","embeddable":true,"href":"https:\/\/agora.xtec.cat\/ceip-santacreu-anglesola\/wp-json\/wp\/v2\/categories?post=8152"},{"taxonomy":"post_tag","embeddable":true,"href":"https:\/\/agora.xtec.cat\/ceip-santacreu-anglesola\/wp-json\/wp\/v2\/tags?post=8152"}],"curies":[{"name":"wp","href":"https:\/\/api.w.org\/{rel}","templated":true}]}}