{"id":8142,"date":"2025-10-30T14:27:23","date_gmt":"2025-10-30T13:27:23","guid":{"rendered":"https:\/\/agora.xtec.cat\/ceip-santacreu-anglesola\/?p=8142"},"modified":"2025-10-30T14:27:23","modified_gmt":"2025-10-30T13:27:23","slug":"lalumnat-de-1r-fa-panellets-a-la-llar-de-jubilats-2","status":"publish","type":"post","link":"https:\/\/agora.xtec.cat\/ceip-santacreu-anglesola\/general\/lalumnat-de-1r-fa-panellets-a-la-llar-de-jubilats-2\/","title":{"rendered":"L\u2019ALUMNAT DE 1r FA PANELLETS A LA LLAR DE JUBILATS"},"content":{"rendered":"<p>El dia 27 d\u2019octubre els nens i nenes de 1r van anar a fer panellets amb els padrins i padrines de la Llar de jubilats. Van donar forma als panellets, van decorar-los i tamb\u00e9 els van pintar amb ou. Van sortir uns panellets de gustos i formes diferents que despr\u00e9s vam poder degustar. Estaven bon\u00edssims!!!<\/p>\n<p>Per acabar els infants van cantar i ballar la can\u00e7\u00f3 de la castanyera.<\/p>\n<p>Gr\u00e0cies per deixar-nos compartir aquesta activitat amb tots els padrins i les padrines . Ha estat una experi\u00e8ncia molt bonica i enriquidora.<\/p>\n<p><a href=\"https:\/\/agora.xtec.cat\/ceip-santacreu-anglesola\/?p=8144&amp;preview=true\"><img loading=\"lazy\" decoding=\"async\" class=\"wp-image-8143 aligncenter\" src=\"https:\/\/agora.xtec.cat\/ceip-santacreu-anglesola\/wp-content\/uploads\/usu483\/2025\/10\/panellets.webp\" alt=\"\" width=\"311\" height=\"467\" srcset=\"https:\/\/agora.xtec.cat\/ceip-santacreu-anglesola\/wp-content\/uploads\/usu483\/2025\/10\/panellets.webp 600w, https:\/\/agora.xtec.cat\/ceip-santacreu-anglesola\/wp-content\/uploads\/usu483\/2025\/10\/panellets-200x300.webp 200w\" sizes=\"auto, (max-width: 311px) 100vw, 311px\" \/><\/a><\/p>\n","protected":false},"excerpt":{"rendered":"<p>El dia 27 d\u2019octubre els nens i nenes de 1r van anar a fer panellets amb els padrins i padrines de la Llar de jubilats. Van donar forma als panellets, van decorar-los i tamb\u00e9 els van pintar amb ou. Van sortir uns panellets de gustos&hellip;  <a href=\"https:\/\/agora.xtec.cat\/ceip-santacreu-anglesola\/general\/lalumnat-de-1r-fa-panellets-a-la-llar-de-jubilats-2\/\" title=\"Read L\u2019ALUMNAT DE 1r FA PANELLETS A LA LLAR DE JUBILATS\">Llegeix m\u00e9s\u00bb<\/a><\/p>\n","protected":false},"author":50,"featured_media":8143,"comment_status":"open","ping_status":"open","sticky":false,"template":"","format":"standard","meta":{"_bbp_topic_count":0,"_bbp_reply_count":0,"_bbp_total_topic_count":0,"_bbp_total_reply_count":0,"_bbp_voice_count":0,"_bbp_anonymous_reply_count":0,"_bbp_topic_count_hidden":0,"_bbp_reply_count_hidden":0,"_bbp_forum_subforum_count":0,"footnotes":""},"categories":[1,4],"tags":[],"class_list":["post-8142","post","type-post","status-publish","format-standard","has-post-thumbnail","hentry","category-general","category-portada"],"post_mailing_queue_ids":[],"_links":{"self":[{"href":"https:\/\/agora.xtec.cat\/ceip-santacreu-anglesola\/wp-json\/wp\/v2\/posts\/8142","targetHints":{"allow":["GET"]}}],"collection":[{"href":"https:\/\/agora.xtec.cat\/ceip-santacreu-anglesola\/wp-json\/wp\/v2\/posts"}],"about":[{"href":"https:\/\/agora.xtec.cat\/ceip-santacreu-anglesola\/wp-json\/wp\/v2\/types\/post"}],"author":[{"embeddable":true,"href":"https:\/\/agora.xtec.cat\/ceip-santacreu-anglesola\/wp-json\/wp\/v2\/users\/50"}],"replies":[{"embeddable":true,"href":"https:\/\/agora.xtec.cat\/ceip-santacreu-anglesola\/wp-json\/wp\/v2\/comments?post=8142"}],"version-history":[{"count":1,"href":"https:\/\/agora.xtec.cat\/ceip-santacreu-anglesola\/wp-json\/wp\/v2\/posts\/8142\/revisions"}],"predecessor-version":[{"id":8146,"href":"https:\/\/agora.xtec.cat\/ceip-santacreu-anglesola\/wp-json\/wp\/v2\/posts\/8142\/revisions\/8146"}],"wp:featuredmedia":[{"embeddable":true,"href":"https:\/\/agora.xtec.cat\/ceip-santacreu-anglesola\/wp-json\/wp\/v2\/media\/8143"}],"wp:attachment":[{"href":"https:\/\/agora.xtec.cat\/ceip-santacreu-anglesola\/wp-json\/wp\/v2\/media?parent=8142"}],"wp:term":[{"taxonomy":"category","embeddable":true,"href":"https:\/\/agora.xtec.cat\/ceip-santacreu-anglesola\/wp-json\/wp\/v2\/categories?post=8142"},{"taxonomy":"post_tag","embeddable":true,"href":"https:\/\/agora.xtec.cat\/ceip-santacreu-anglesola\/wp-json\/wp\/v2\/tags?post=8142"}],"curies":[{"name":"wp","href":"https:\/\/api.w.org\/{rel}","templated":true}]}}