{"id":8128,"date":"2025-10-30T14:12:25","date_gmt":"2025-10-30T13:12:25","guid":{"rendered":"https:\/\/agora.xtec.cat\/ceip-santacreu-anglesola\/?p=8128"},"modified":"2025-10-30T14:12:25","modified_gmt":"2025-10-30T13:12:25","slug":"activitat-inter-generacional-2","status":"publish","type":"post","link":"https:\/\/agora.xtec.cat\/ceip-santacreu-anglesola\/general\/activitat-inter-generacional-2\/","title":{"rendered":"Activitat Inter generacional"},"content":{"rendered":"<p>El passat dimarts 21 d&#8217;octubre els i les alumnes de tercer van anar a la llar d&#8217;avis per fer una jornada d&#8217;intercanvi d&#8217;experi\u00e8ncies. Vam posar en com\u00fa els jocs d&#8217;abans i d&#8217;ara, v\u00e0rem explicar-los, jugar i observar l&#8217;evoluci\u00f3 que ha tingut el joc motriu en els infants d&#8217;Anglesola i comarca. Per cert! tamb\u00e9 vam tenir l&#8217;oportunitat de practicar el B\u00f2lit!!<\/p>\n<p>&nbsp;<\/p>\n<p><a style=\"color: #2795b6;\" href=\"https:\/\/agora.xtec.cat\/ceip-santacreu-anglesola\/general\/activitat-inter-generacional\/\"><img loading=\"lazy\" decoding=\"async\" class=\"size-full wp-image-7967 aligncenter\" src=\"https:\/\/agora.xtec.cat\/ceip-santacreu-anglesola\/wp-content\/uploads\/usu483\/2025\/06\/1.jpg\" alt=\"\" width=\"301\" height=\"167\" \/><\/a><\/p>\n","protected":false},"excerpt":{"rendered":"<p>El passat dimarts 21 d&#8217;octubre els i les alumnes de tercer van anar a la llar d&#8217;avis per fer una jornada d&#8217;intercanvi d&#8217;experi\u00e8ncies. Vam posar en com\u00fa els jocs d&#8217;abans i d&#8217;ara, v\u00e0rem explicar-los, jugar i observar l&#8217;evoluci\u00f3 que ha tingut el joc motriu en&hellip;  <a href=\"https:\/\/agora.xtec.cat\/ceip-santacreu-anglesola\/general\/activitat-inter-generacional-2\/\" title=\"Read Activitat Inter generacional\">Llegeix m\u00e9s\u00bb<\/a><\/p>\n","protected":false},"author":47,"featured_media":7967,"comment_status":"open","ping_status":"open","sticky":false,"template":"","format":"standard","meta":{"_bbp_topic_count":0,"_bbp_reply_count":0,"_bbp_total_topic_count":0,"_bbp_total_reply_count":0,"_bbp_voice_count":0,"_bbp_anonymous_reply_count":0,"_bbp_topic_count_hidden":0,"_bbp_reply_count_hidden":0,"_bbp_forum_subforum_count":0,"footnotes":""},"categories":[1,4],"tags":[],"class_list":["post-8128","post","type-post","status-publish","format-standard","has-post-thumbnail","hentry","category-general","category-portada"],"post_mailing_queue_ids":[],"_links":{"self":[{"href":"https:\/\/agora.xtec.cat\/ceip-santacreu-anglesola\/wp-json\/wp\/v2\/posts\/8128","targetHints":{"allow":["GET"]}}],"collection":[{"href":"https:\/\/agora.xtec.cat\/ceip-santacreu-anglesola\/wp-json\/wp\/v2\/posts"}],"about":[{"href":"https:\/\/agora.xtec.cat\/ceip-santacreu-anglesola\/wp-json\/wp\/v2\/types\/post"}],"author":[{"embeddable":true,"href":"https:\/\/agora.xtec.cat\/ceip-santacreu-anglesola\/wp-json\/wp\/v2\/users\/47"}],"replies":[{"embeddable":true,"href":"https:\/\/agora.xtec.cat\/ceip-santacreu-anglesola\/wp-json\/wp\/v2\/comments?post=8128"}],"version-history":[{"count":1,"href":"https:\/\/agora.xtec.cat\/ceip-santacreu-anglesola\/wp-json\/wp\/v2\/posts\/8128\/revisions"}],"predecessor-version":[{"id":8141,"href":"https:\/\/agora.xtec.cat\/ceip-santacreu-anglesola\/wp-json\/wp\/v2\/posts\/8128\/revisions\/8141"}],"wp:featuredmedia":[{"embeddable":true,"href":"https:\/\/agora.xtec.cat\/ceip-santacreu-anglesola\/wp-json\/wp\/v2\/media\/7967"}],"wp:attachment":[{"href":"https:\/\/agora.xtec.cat\/ceip-santacreu-anglesola\/wp-json\/wp\/v2\/media?parent=8128"}],"wp:term":[{"taxonomy":"category","embeddable":true,"href":"https:\/\/agora.xtec.cat\/ceip-santacreu-anglesola\/wp-json\/wp\/v2\/categories?post=8128"},{"taxonomy":"post_tag","embeddable":true,"href":"https:\/\/agora.xtec.cat\/ceip-santacreu-anglesola\/wp-json\/wp\/v2\/tags?post=8128"}],"curies":[{"name":"wp","href":"https:\/\/api.w.org\/{rel}","templated":true}]}}