{"id":8082,"date":"2025-10-20T14:55:51","date_gmt":"2025-10-20T12:55:51","guid":{"rendered":"https:\/\/agora.xtec.cat\/ceip-santacreu-anglesola\/?p=8082"},"modified":"2025-10-20T15:22:26","modified_gmt":"2025-10-20T13:22:26","slug":"fem-un-taller-de-grafiti-a-laula","status":"publish","type":"post","link":"https:\/\/agora.xtec.cat\/ceip-santacreu-anglesola\/portada\/fem-un-taller-de-grafiti-a-laula\/","title":{"rendered":"Fem un taller de grafiti a l\u2019aula!"},"content":{"rendered":"<p>Aquest dilluns a l\u2019hora de pl\u00e0stica amb 5\u00e8 vam tenir una visita ben especial: ens va venir a<br \/>\nveure el germ\u00e0 gran d\u2019un alumne d\u2019aquest curs, l\u2019Alfredo Flores. Mitjan\u00e7ant aquesta visita, vam<br \/>\npoder explorar i submergir-nos en el m\u00f3n del grafiti amb els i les alumnes.<br \/>\nEn primer lloc, vam definir el que era el grafiti i vam buscar diferents exemples d\u2019aquesta forma d\u2019art en els nostres carrers i van fer especial menci\u00f3 a aquelles pintures murals que eren m\u00e9s a prop de l\u2019escola. Tot seguit, vam explicar a l\u2019alumnat com fer la seva pr\u00f2pia signatura o \u00abtag\u00bb en el m\u00f3n del grafiti i els vam donar els recursos i les eines necess\u00e0ries per plasmar la seva creativitat sobre el paper. En aquest sentit, els i les nenes van comen\u00e7ar escrivint una paraula que els representes en maj\u00fascules i a poc a poc van anar afegint detalls, repassant-la i pintant-la de diferents colors. Al cap d\u2019una estona i amb l\u2019ajuda de l\u2019Alfredo els nens i les nenes de 5\u00e8 van aconseguir fer \u00abtag\u00bb ben bonics i elaborats.<br \/>\nUn cop acabada l\u2019hora, l\u2019alumnat va dedicar un fort aplaudiment a l\u2019Alfredo per la seva tasca durant la sessi\u00f3 i per apropar el m\u00f3n del grafiti a l\u2019aula amb una actitud en\u00e8rgica i positiva.<\/p>\n<p>Si voleu veure les fotos clica <a href=\"https:\/\/agora.xtec.cat\/ceip-santacreu-anglesola\/general\/fem-un-taller-de-grafiti-a-laula-ocult\/\" target=\"_blank\" rel=\"noopener\"><strong>AQU\u00cd<\/strong><\/a><\/p>\n","protected":false},"excerpt":{"rendered":"<p>Aquest dilluns a l\u2019hora de pl\u00e0stica amb 5\u00e8 vam tenir una visita ben especial: ens va venir a<br \/>\nveure el germ\u00e0 gran d\u2019un alumne d\u2019aquest curs, l\u2019Alfredo Flores. Mitjan\u00e7ant aquesta visita, vam<br \/>\npoder explorar i submergir-nos en el m\u00f3n del grafiti amb els i les alumnes.<br \/>\nEn primer&hellip;  <a href=\"https:\/\/agora.xtec.cat\/ceip-santacreu-anglesola\/portada\/fem-un-taller-de-grafiti-a-laula\/\" title=\"Read Fem un taller de grafiti a l\u2019aula!\">Llegeix m\u00e9s\u00bb<\/a><\/p>\n","protected":false},"author":11,"featured_media":0,"comment_status":"closed","ping_status":"open","sticky":false,"template":"","format":"standard","meta":{"_bbp_topic_count":0,"_bbp_reply_count":0,"_bbp_total_topic_count":0,"_bbp_total_reply_count":0,"_bbp_voice_count":0,"_bbp_anonymous_reply_count":0,"_bbp_topic_count_hidden":0,"_bbp_reply_count_hidden":0,"_bbp_forum_subforum_count":0,"footnotes":""},"categories":[14,4],"tags":[],"class_list":["post-8082","post","type-post","status-publish","format-standard","hentry","category-5e","category-portada"],"post_mailing_queue_ids":[],"_links":{"self":[{"href":"https:\/\/agora.xtec.cat\/ceip-santacreu-anglesola\/wp-json\/wp\/v2\/posts\/8082","targetHints":{"allow":["GET"]}}],"collection":[{"href":"https:\/\/agora.xtec.cat\/ceip-santacreu-anglesola\/wp-json\/wp\/v2\/posts"}],"about":[{"href":"https:\/\/agora.xtec.cat\/ceip-santacreu-anglesola\/wp-json\/wp\/v2\/types\/post"}],"author":[{"embeddable":true,"href":"https:\/\/agora.xtec.cat\/ceip-santacreu-anglesola\/wp-json\/wp\/v2\/users\/11"}],"replies":[{"embeddable":true,"href":"https:\/\/agora.xtec.cat\/ceip-santacreu-anglesola\/wp-json\/wp\/v2\/comments?post=8082"}],"version-history":[{"count":3,"href":"https:\/\/agora.xtec.cat\/ceip-santacreu-anglesola\/wp-json\/wp\/v2\/posts\/8082\/revisions"}],"predecessor-version":[{"id":8089,"href":"https:\/\/agora.xtec.cat\/ceip-santacreu-anglesola\/wp-json\/wp\/v2\/posts\/8082\/revisions\/8089"}],"wp:attachment":[{"href":"https:\/\/agora.xtec.cat\/ceip-santacreu-anglesola\/wp-json\/wp\/v2\/media?parent=8082"}],"wp:term":[{"taxonomy":"category","embeddable":true,"href":"https:\/\/agora.xtec.cat\/ceip-santacreu-anglesola\/wp-json\/wp\/v2\/categories?post=8082"},{"taxonomy":"post_tag","embeddable":true,"href":"https:\/\/agora.xtec.cat\/ceip-santacreu-anglesola\/wp-json\/wp\/v2\/tags?post=8082"}],"curies":[{"name":"wp","href":"https:\/\/api.w.org\/{rel}","templated":true}]}}