{"id":8079,"date":"2025-10-20T16:12:53","date_gmt":"2025-10-20T14:12:53","guid":{"rendered":"https:\/\/agora.xtec.cat\/ceip-santacreu-anglesola\/?p=8079"},"modified":"2025-10-20T16:12:53","modified_gmt":"2025-10-20T14:12:53","slug":"excursio-a-la-granja-pifarre-alumnat-deducacio-infantil","status":"publish","type":"post","link":"https:\/\/agora.xtec.cat\/ceip-santacreu-anglesola\/general\/excursio-a-la-granja-pifarre-alumnat-deducacio-infantil\/","title":{"rendered":"Excursi\u00f3 a la Granja Pifarr\u00e9. Alumnat d&#8217;Educaci\u00f3 Infantil."},"content":{"rendered":"<p>El passat dijous dia 2 d&#8217;octubre l&#8217;alumnat d&#8217;Educaci\u00f3 Infantil va fer la primera excursi\u00f3 del curs.<br \/>\nVam anar a la Granja Pifarr\u00e9 de Lleida, en aquesta granja tenen vaques de moltes classes diferents.<br \/>\nL&#8217;alumnat les va poder veure de ben a prop i van poder veure com es mouen, com mengen, el so que produeixen&#8230;<br \/>\nTamb\u00e9 tenen una vaca en mida real i els alumnes la van poder munyir i van observar les seves parts.<br \/>\nPer complementar la sortida, van plantar julivert, van fer la visita al laberint de pan\u00eds i van poder jugar al circuit de tractors.<\/p>\n<p>Va ser una sortida molt profitosa, ens va fer molt bon temps i ens ho vam passar molt b\u00e9!<\/p>\n<p><a href=\"https:\/\/agora.xtec.cat\/ceip-santacreu-anglesola\/?p=8093&amp;preview=true\"><img loading=\"lazy\" decoding=\"async\" class=\"alignnone wp-image-8097 size-medium\" src=\"https:\/\/agora.xtec.cat\/ceip-santacreu-anglesola\/wp-content\/uploads\/usu483\/2025\/10\/foto-300x225.jpeg\" alt=\"\" width=\"300\" height=\"225\" srcset=\"https:\/\/agora.xtec.cat\/ceip-santacreu-anglesola\/wp-content\/uploads\/usu483\/2025\/10\/foto-300x225.jpeg 300w, https:\/\/agora.xtec.cat\/ceip-santacreu-anglesola\/wp-content\/uploads\/usu483\/2025\/10\/foto-1024x768.jpeg 1024w, https:\/\/agora.xtec.cat\/ceip-santacreu-anglesola\/wp-content\/uploads\/usu483\/2025\/10\/foto-768x576.jpeg 768w, https:\/\/agora.xtec.cat\/ceip-santacreu-anglesola\/wp-content\/uploads\/usu483\/2025\/10\/foto-1536x1152.jpeg 1536w, https:\/\/agora.xtec.cat\/ceip-santacreu-anglesola\/wp-content\/uploads\/usu483\/2025\/10\/foto-200x150.jpeg 200w, https:\/\/agora.xtec.cat\/ceip-santacreu-anglesola\/wp-content\/uploads\/usu483\/2025\/10\/foto.jpeg 2000w\" sizes=\"auto, (max-width: 300px) 100vw, 300px\" \/><\/a><a href=\"https:\/\/agora.xtec.cat\/ceip-santacreu-anglesola\/?p=8093&amp;preview=true\"><img loading=\"lazy\" decoding=\"async\" class=\"alignnone wp-image-8094 size-full\" src=\"https:\/\/agora.xtec.cat\/ceip-santacreu-anglesola\/wp-content\/uploads\/usu483\/2025\/10\/logo-1.png\" alt=\"\" width=\"176\" height=\"199\" \/><\/a><\/p>\n<p>&nbsp;<\/p>\n","protected":false},"excerpt":{"rendered":"<p>El passat dijous dia 2 d&#8217;octubre l&#8217;alumnat d&#8217;Educaci\u00f3 Infantil va fer la primera excursi\u00f3 del curs.<br \/>\nVam anar a la Granja Pifarr\u00e9 de Lleida, en aquesta granja tenen vaques de moltes classes diferents.<br \/>\nL&#8217;alumnat les va poder veure de ben a prop i van poder veure com&hellip;  <a href=\"https:\/\/agora.xtec.cat\/ceip-santacreu-anglesola\/general\/excursio-a-la-granja-pifarre-alumnat-deducacio-infantil\/\" title=\"Read Excursi\u00f3 a la Granja Pifarr\u00e9. Alumnat d&#8217;Educaci\u00f3 Infantil.\">Llegeix m\u00e9s\u00bb<\/a><\/p>\n","protected":false},"author":4,"featured_media":8097,"comment_status":"open","ping_status":"open","sticky":false,"template":"","format":"standard","meta":{"_bbp_topic_count":0,"_bbp_reply_count":0,"_bbp_total_topic_count":0,"_bbp_total_reply_count":0,"_bbp_voice_count":0,"_bbp_anonymous_reply_count":0,"_bbp_topic_count_hidden":0,"_bbp_reply_count_hidden":0,"_bbp_forum_subforum_count":0,"footnotes":""},"categories":[1,2,4],"tags":[],"class_list":["post-8079","post","type-post","status-publish","format-standard","has-post-thumbnail","hentry","category-general","category-infantil","category-portada"],"post_mailing_queue_ids":[],"_links":{"self":[{"href":"https:\/\/agora.xtec.cat\/ceip-santacreu-anglesola\/wp-json\/wp\/v2\/posts\/8079","targetHints":{"allow":["GET"]}}],"collection":[{"href":"https:\/\/agora.xtec.cat\/ceip-santacreu-anglesola\/wp-json\/wp\/v2\/posts"}],"about":[{"href":"https:\/\/agora.xtec.cat\/ceip-santacreu-anglesola\/wp-json\/wp\/v2\/types\/post"}],"author":[{"embeddable":true,"href":"https:\/\/agora.xtec.cat\/ceip-santacreu-anglesola\/wp-json\/wp\/v2\/users\/4"}],"replies":[{"embeddable":true,"href":"https:\/\/agora.xtec.cat\/ceip-santacreu-anglesola\/wp-json\/wp\/v2\/comments?post=8079"}],"version-history":[{"count":6,"href":"https:\/\/agora.xtec.cat\/ceip-santacreu-anglesola\/wp-json\/wp\/v2\/posts\/8079\/revisions"}],"predecessor-version":[{"id":8102,"href":"https:\/\/agora.xtec.cat\/ceip-santacreu-anglesola\/wp-json\/wp\/v2\/posts\/8079\/revisions\/8102"}],"wp:featuredmedia":[{"embeddable":true,"href":"https:\/\/agora.xtec.cat\/ceip-santacreu-anglesola\/wp-json\/wp\/v2\/media\/8097"}],"wp:attachment":[{"href":"https:\/\/agora.xtec.cat\/ceip-santacreu-anglesola\/wp-json\/wp\/v2\/media?parent=8079"}],"wp:term":[{"taxonomy":"category","embeddable":true,"href":"https:\/\/agora.xtec.cat\/ceip-santacreu-anglesola\/wp-json\/wp\/v2\/categories?post=8079"},{"taxonomy":"post_tag","embeddable":true,"href":"https:\/\/agora.xtec.cat\/ceip-santacreu-anglesola\/wp-json\/wp\/v2\/tags?post=8079"}],"curies":[{"name":"wp","href":"https:\/\/api.w.org\/{rel}","templated":true}]}}