{"id":8078,"date":"2025-10-22T13:27:02","date_gmt":"2025-10-22T11:27:02","guid":{"rendered":"https:\/\/agora.xtec.cat\/ceip-santacreu-anglesola\/?p=8078"},"modified":"2025-10-23T12:29:50","modified_gmt":"2025-10-23T10:29:50","slug":"taller-dinstuments-de-vent-a-c-m","status":"publish","type":"post","link":"https:\/\/agora.xtec.cat\/ceip-santacreu-anglesola\/general\/taller-dinstuments-de-vent-a-c-m\/","title":{"rendered":"TALLER D&#8217;INSTRUMENTS DE VENT A C.M."},"content":{"rendered":"<p style=\"padding-left: 40px;\"><a href=\"https:\/\/agora.xtec.cat\/ceip-santacreu-anglesola\/?p=8111&amp;preview=true\"><img loading=\"lazy\" decoding=\"async\" class=\"alignnone wp-image-8109 size-full\" src=\"https:\/\/agora.xtec.cat\/ceip-santacreu-anglesola\/wp-content\/uploads\/usu483\/2025\/10\/espillencantat_0.jpg\" alt=\"\" width=\"400\" height=\"400\" srcset=\"https:\/\/agora.xtec.cat\/ceip-santacreu-anglesola\/wp-content\/uploads\/usu483\/2025\/10\/espillencantat_0.jpg 400w, https:\/\/agora.xtec.cat\/ceip-santacreu-anglesola\/wp-content\/uploads\/usu483\/2025\/10\/espillencantat_0-300x300.jpg 300w, https:\/\/agora.xtec.cat\/ceip-santacreu-anglesola\/wp-content\/uploads\/usu483\/2025\/10\/espillencantat_0-150x150.jpg 150w\" sizes=\"auto, (max-width: 400px) 100vw, 400px\" \/><\/a><\/p>\n<p>La setmana passada els alumnes de Cicle Mitj\u00e0 van poder gaudir a l&#8217;escola del taller d&#8217;instruments de vent organitzat pel Conservatori Municipal de M\u00fasica de Cervera. El van dur a terme dos m\u00fasics professionals del mateix conservatori. Aquest taller forma part del proc\u00e9s de preparaci\u00f3 de la Cantata &#8220;L&#8217;Espill Encantat&#8221;, que tindr\u00e0 lloc a l&#8217; Ateneu de Guissona el 19 de mar\u00e7.<br \/>\nL&#8217;escola hi participa amb l&#8217;alumnat de 3r i 4t com a cantants.<br \/>\nEls alumnes van poder gaudir d&#8217;audicions en directe i posteriorment de tallers d&#8217;instrument de vent amb material reciclat. Aqu\u00ed us deixem un tastet del taller, que els alumnes han qualificat com a: &#8220;molt interessant, molt divertit i molt &#8220;guay&#8221;.<\/p>\n","protected":false},"excerpt":{"rendered":"<p><a href=\"https:\/\/agora.xtec.cat\/ceip-santacreu-anglesola\/?p=8111&amp;preview=true\"><\/a><br \/>\nLa setmana passada els alumnes de Cicle Mitj\u00e0 van poder gaudir a l&#8217;escola del taller d&#8217;instruments de vent organitzat pel Conservatori Municipal de M\u00fasica de Cervera. El van dur a terme dos m\u00fasics professionals del mateix conservatori. Aquest taller forma part del proc\u00e9s de&hellip;  <a href=\"https:\/\/agora.xtec.cat\/ceip-santacreu-anglesola\/general\/taller-dinstuments-de-vent-a-c-m\/\" title=\"Read TALLER D&#8217;INSTRUMENTS DE VENT A C.M.\">Llegeix m\u00e9s\u00bb<\/a><\/p>\n","protected":false},"author":51,"featured_media":8109,"comment_status":"open","ping_status":"open","sticky":false,"template":"","format":"standard","meta":{"_bbp_topic_count":0,"_bbp_reply_count":0,"_bbp_total_topic_count":0,"_bbp_total_reply_count":0,"_bbp_voice_count":0,"_bbp_anonymous_reply_count":0,"_bbp_topic_count_hidden":0,"_bbp_reply_count_hidden":0,"_bbp_forum_subforum_count":0,"footnotes":""},"categories":[1,4],"tags":[],"class_list":["post-8078","post","type-post","status-publish","format-standard","has-post-thumbnail","hentry","category-general","category-portada"],"post_mailing_queue_ids":[],"_links":{"self":[{"href":"https:\/\/agora.xtec.cat\/ceip-santacreu-anglesola\/wp-json\/wp\/v2\/posts\/8078","targetHints":{"allow":["GET"]}}],"collection":[{"href":"https:\/\/agora.xtec.cat\/ceip-santacreu-anglesola\/wp-json\/wp\/v2\/posts"}],"about":[{"href":"https:\/\/agora.xtec.cat\/ceip-santacreu-anglesola\/wp-json\/wp\/v2\/types\/post"}],"author":[{"embeddable":true,"href":"https:\/\/agora.xtec.cat\/ceip-santacreu-anglesola\/wp-json\/wp\/v2\/users\/51"}],"replies":[{"embeddable":true,"href":"https:\/\/agora.xtec.cat\/ceip-santacreu-anglesola\/wp-json\/wp\/v2\/comments?post=8078"}],"version-history":[{"count":6,"href":"https:\/\/agora.xtec.cat\/ceip-santacreu-anglesola\/wp-json\/wp\/v2\/posts\/8078\/revisions"}],"predecessor-version":[{"id":8120,"href":"https:\/\/agora.xtec.cat\/ceip-santacreu-anglesola\/wp-json\/wp\/v2\/posts\/8078\/revisions\/8120"}],"wp:featuredmedia":[{"embeddable":true,"href":"https:\/\/agora.xtec.cat\/ceip-santacreu-anglesola\/wp-json\/wp\/v2\/media\/8109"}],"wp:attachment":[{"href":"https:\/\/agora.xtec.cat\/ceip-santacreu-anglesola\/wp-json\/wp\/v2\/media?parent=8078"}],"wp:term":[{"taxonomy":"category","embeddable":true,"href":"https:\/\/agora.xtec.cat\/ceip-santacreu-anglesola\/wp-json\/wp\/v2\/categories?post=8078"},{"taxonomy":"post_tag","embeddable":true,"href":"https:\/\/agora.xtec.cat\/ceip-santacreu-anglesola\/wp-json\/wp\/v2\/tags?post=8078"}],"curies":[{"name":"wp","href":"https:\/\/api.w.org\/{rel}","templated":true}]}}