{"id":8066,"date":"2025-10-10T16:11:02","date_gmt":"2025-10-10T14:11:02","guid":{"rendered":"https:\/\/agora.xtec.cat\/ceip-santacreu-anglesola\/?p=8066"},"modified":"2025-10-10T16:15:44","modified_gmt":"2025-10-10T14:15:44","slug":"trobada-esportiva","status":"publish","type":"post","link":"https:\/\/agora.xtec.cat\/ceip-santacreu-anglesola\/general\/trobada-esportiva\/","title":{"rendered":"TROBADA ESPORTIVA"},"content":{"rendered":"<p>Aquest dijous 9 d&#8217;octubre l&#8217;alumnat de sis\u00e8 de prim\u00e0ria a participat a la trobada esportiva escolar al parc de Sant Eloi de T\u00e0rrega. En aquesta trobada tamb\u00e9 han participat\u00a0tots els alumnes de la comarca que cursen 6\u00e8 de prim\u00e0ria. Durant tot el mat\u00ed s&#8217;han realitzat diferents activitats esportives com: HOQUEI; DODGEBALL&#8230;<\/p>\n<p>Ha estat un mat\u00ed genial \ud83d\ude09<\/p>\n<p>Per veure les fotos clica a la imatge<\/p>\n<p style=\"text-align: justify;\"><a href=\"https:\/\/agora.xtec.cat\/ceip-santacreu-anglesola\/general\/trobada-esportiva-ocult\/\" target=\"_blank\" rel=\"noopener\"><img loading=\"lazy\" decoding=\"async\" class=\"aligncenter\" src=\"https:\/\/www.ceurgell.cat\/wp-content\/uploads\/2020\/08\/Consell-Esportiu-de-lUrgell-final210x83.jpg\" alt=\"Ceurgell \u2013 Consell Esportiu de l'Urgell\" width=\"210\" height=\"84\" \/><\/a><\/p>\n","protected":false},"excerpt":{"rendered":"<p>Aquest dijous 9 d&#8217;octubre l&#8217;alumnat de sis\u00e8 de prim\u00e0ria a participat a la trobada esportiva escolar al parc de Sant Eloi de T\u00e0rrega. En aquesta trobada tamb\u00e9 han participat\u00a0tots els alumnes de la comarca que cursen 6\u00e8 de prim\u00e0ria. Durant tot el mat\u00ed s&#8217;han realitzat&hellip;  <a href=\"https:\/\/agora.xtec.cat\/ceip-santacreu-anglesola\/general\/trobada-esportiva\/\" title=\"Read TROBADA ESPORTIVA\">Llegeix m\u00e9s\u00bb<\/a><\/p>\n","protected":false},"author":11,"featured_media":0,"comment_status":"open","ping_status":"open","sticky":false,"template":"","format":"standard","meta":{"_bbp_topic_count":0,"_bbp_reply_count":0,"_bbp_total_topic_count":0,"_bbp_total_reply_count":0,"_bbp_voice_count":0,"_bbp_anonymous_reply_count":0,"_bbp_topic_count_hidden":0,"_bbp_reply_count_hidden":0,"_bbp_forum_subforum_count":0,"footnotes":""},"categories":[1,4],"tags":[],"class_list":["post-8066","post","type-post","status-publish","format-standard","hentry","category-general","category-portada"],"post_mailing_queue_ids":[],"_links":{"self":[{"href":"https:\/\/agora.xtec.cat\/ceip-santacreu-anglesola\/wp-json\/wp\/v2\/posts\/8066","targetHints":{"allow":["GET"]}}],"collection":[{"href":"https:\/\/agora.xtec.cat\/ceip-santacreu-anglesola\/wp-json\/wp\/v2\/posts"}],"about":[{"href":"https:\/\/agora.xtec.cat\/ceip-santacreu-anglesola\/wp-json\/wp\/v2\/types\/post"}],"author":[{"embeddable":true,"href":"https:\/\/agora.xtec.cat\/ceip-santacreu-anglesola\/wp-json\/wp\/v2\/users\/11"}],"replies":[{"embeddable":true,"href":"https:\/\/agora.xtec.cat\/ceip-santacreu-anglesola\/wp-json\/wp\/v2\/comments?post=8066"}],"version-history":[{"count":3,"href":"https:\/\/agora.xtec.cat\/ceip-santacreu-anglesola\/wp-json\/wp\/v2\/posts\/8066\/revisions"}],"predecessor-version":[{"id":8072,"href":"https:\/\/agora.xtec.cat\/ceip-santacreu-anglesola\/wp-json\/wp\/v2\/posts\/8066\/revisions\/8072"}],"wp:attachment":[{"href":"https:\/\/agora.xtec.cat\/ceip-santacreu-anglesola\/wp-json\/wp\/v2\/media?parent=8066"}],"wp:term":[{"taxonomy":"category","embeddable":true,"href":"https:\/\/agora.xtec.cat\/ceip-santacreu-anglesola\/wp-json\/wp\/v2\/categories?post=8066"},{"taxonomy":"post_tag","embeddable":true,"href":"https:\/\/agora.xtec.cat\/ceip-santacreu-anglesola\/wp-json\/wp\/v2\/tags?post=8066"}],"curies":[{"name":"wp","href":"https:\/\/api.w.org\/{rel}","templated":true}]}}