{"id":8054,"date":"2025-10-03T15:02:13","date_gmt":"2025-10-03T13:02:13","guid":{"rendered":"https:\/\/agora.xtec.cat\/ceip-santacreu-anglesola\/?p=8054"},"modified":"2025-10-03T15:02:13","modified_gmt":"2025-10-03T13:02:13","slug":"millores-a-la-biblioteca","status":"publish","type":"post","link":"https:\/\/agora.xtec.cat\/ceip-santacreu-anglesola\/general\/millores-a-la-biblioteca\/","title":{"rendered":"MILLORES A LA BIBLIOTECA"},"content":{"rendered":"<p>Aquest \u00e9s el nou aspecte que t\u00e9 la biblioteca escolar de l&#8217;escola. M\u00e9s adaptable als infants per tal que puguin gaudir de la lectura durant les estones que estiguin a la biblioteca.<\/p>\n<p>Aquestes millores han estat possible gr\u00e0cies al projecte en el qual participa el centre, PMOE PROA+. Tamb\u00e9 volem agrair especialment a l&#8217;AMPA de l&#8217;escola la seva implicaci\u00f3 i col\u00b7laboraci\u00f3 en aquest projecte de la biblioteca.<\/p>\n<p>Entre tots i totes el cam\u00ed \u00e9s m\u00e9s pla \ud83d\ude09<\/p>\n<p><img loading=\"lazy\" decoding=\"async\" class=\"aligncenter size-large wp-image-8056\" src=\"https:\/\/agora.xtec.cat\/ceip-santacreu-anglesola\/wp-content\/uploads\/usu483\/2025\/10\/WhatsApp-Image-2025-10-03-at-13.09.20-576x1024.jpeg\" alt=\"\" width=\"576\" height=\"1024\" srcset=\"https:\/\/agora.xtec.cat\/ceip-santacreu-anglesola\/wp-content\/uploads\/usu483\/2025\/10\/WhatsApp-Image-2025-10-03-at-13.09.20-576x1024.jpeg 576w, https:\/\/agora.xtec.cat\/ceip-santacreu-anglesola\/wp-content\/uploads\/usu483\/2025\/10\/WhatsApp-Image-2025-10-03-at-13.09.20-169x300.jpeg 169w, https:\/\/agora.xtec.cat\/ceip-santacreu-anglesola\/wp-content\/uploads\/usu483\/2025\/10\/WhatsApp-Image-2025-10-03-at-13.09.20-768x1365.jpeg 768w, https:\/\/agora.xtec.cat\/ceip-santacreu-anglesola\/wp-content\/uploads\/usu483\/2025\/10\/WhatsApp-Image-2025-10-03-at-13.09.20-864x1536.jpeg 864w, https:\/\/agora.xtec.cat\/ceip-santacreu-anglesola\/wp-content\/uploads\/usu483\/2025\/10\/WhatsApp-Image-2025-10-03-at-13.09.20.jpeg 1080w\" sizes=\"auto, (max-width: 576px) 100vw, 576px\" \/><\/p>\n","protected":false},"excerpt":{"rendered":"<p>Aquest \u00e9s el nou aspecte que t\u00e9 la biblioteca escolar de l&#8217;escola. M\u00e9s adaptable als infants per tal que puguin gaudir de la lectura durant les estones que estiguin a la biblioteca.<br \/>\nAquestes millores han estat possible gr\u00e0cies al projecte en el qual participa el centre,&hellip;  <a href=\"https:\/\/agora.xtec.cat\/ceip-santacreu-anglesola\/general\/millores-a-la-biblioteca\/\" title=\"Read MILLORES A LA BIBLIOTECA\">Llegeix m\u00e9s\u00bb<\/a><\/p>\n","protected":false},"author":11,"featured_media":0,"comment_status":"closed","ping_status":"open","sticky":false,"template":"","format":"standard","meta":{"_bbp_topic_count":0,"_bbp_reply_count":0,"_bbp_total_topic_count":0,"_bbp_total_reply_count":0,"_bbp_voice_count":0,"_bbp_anonymous_reply_count":0,"_bbp_topic_count_hidden":0,"_bbp_reply_count_hidden":0,"_bbp_forum_subforum_count":0,"footnotes":""},"categories":[1,4],"tags":[],"class_list":["post-8054","post","type-post","status-publish","format-standard","hentry","category-general","category-portada"],"post_mailing_queue_ids":[],"_links":{"self":[{"href":"https:\/\/agora.xtec.cat\/ceip-santacreu-anglesola\/wp-json\/wp\/v2\/posts\/8054","targetHints":{"allow":["GET"]}}],"collection":[{"href":"https:\/\/agora.xtec.cat\/ceip-santacreu-anglesola\/wp-json\/wp\/v2\/posts"}],"about":[{"href":"https:\/\/agora.xtec.cat\/ceip-santacreu-anglesola\/wp-json\/wp\/v2\/types\/post"}],"author":[{"embeddable":true,"href":"https:\/\/agora.xtec.cat\/ceip-santacreu-anglesola\/wp-json\/wp\/v2\/users\/11"}],"replies":[{"embeddable":true,"href":"https:\/\/agora.xtec.cat\/ceip-santacreu-anglesola\/wp-json\/wp\/v2\/comments?post=8054"}],"version-history":[{"count":1,"href":"https:\/\/agora.xtec.cat\/ceip-santacreu-anglesola\/wp-json\/wp\/v2\/posts\/8054\/revisions"}],"predecessor-version":[{"id":8057,"href":"https:\/\/agora.xtec.cat\/ceip-santacreu-anglesola\/wp-json\/wp\/v2\/posts\/8054\/revisions\/8057"}],"wp:attachment":[{"href":"https:\/\/agora.xtec.cat\/ceip-santacreu-anglesola\/wp-json\/wp\/v2\/media?parent=8054"}],"wp:term":[{"taxonomy":"category","embeddable":true,"href":"https:\/\/agora.xtec.cat\/ceip-santacreu-anglesola\/wp-json\/wp\/v2\/categories?post=8054"},{"taxonomy":"post_tag","embeddable":true,"href":"https:\/\/agora.xtec.cat\/ceip-santacreu-anglesola\/wp-json\/wp\/v2\/tags?post=8054"}],"curies":[{"name":"wp","href":"https:\/\/api.w.org\/{rel}","templated":true}]}}