{"id":8010,"date":"2025-09-18T11:09:11","date_gmt":"2025-09-18T09:09:11","guid":{"rendered":"https:\/\/agora.xtec.cat\/ceip-santacreu-anglesola\/?p=8010"},"modified":"2025-09-30T09:58:59","modified_gmt":"2025-09-30T07:58:59","slug":"com-gestionar-la-frustracio","status":"publish","type":"post","link":"https:\/\/agora.xtec.cat\/ceip-santacreu-anglesola\/portada\/com-gestionar-la-frustracio\/","title":{"rendered":"COM GESTIONAR LA FRUSTRACI\u00d3"},"content":{"rendered":"<div id=\":ea\" class=\"ii gt\">\n<div id=\":eb\" class=\"a3s aiL \">\n<div dir=\"ltr\">\n<p>Fam\u00edlies,<\/p>\n<p>us compartim un article\u00a0 del psic\u00f2leg Rafa Guerrero sobre la sobreprotecci\u00f3 als infants.<\/p>\n<p><a href=\"https:\/\/www.lavanguardia.com\/cribeo\/viral\/20250610\/10772200\/rafa-guerrero-psicologo-nino-sobreprotegido-infancia-padres-convertir-persona-indecisa-mmn.html\" target=\"_blank\" rel=\"noopener\">ARTICLE<\/a><\/p>\n<p>Despr\u00e9s teniu un v\u00eddeo\u00a0d&#8217;una entrevista a una psiquiatra que ens parla de la frustraci\u00f3. Teniu la versi\u00f3 llarga i la versi\u00f3 resum.<\/p>\n<p>Doneu-li un cop d&#8217;ull que paga molt la pena.<\/p>\n<ul>\n<li><a href=\"https:\/\/www.youtube.com\/watch?v=mKA8HbMvI2M\" target=\"_blank\" rel=\"noopener\">V\u00cdDEO COMPLET<\/a><\/li>\n<li><a href=\"https:\/\/www.youtube.com\/watch?v=I2r6Gy-uT8s\" target=\"_blank\" rel=\"noopener\">V\u00cdDEO RESUM<\/a><\/li>\n<\/ul>\n<\/div>\n<\/div>\n<\/div>\n<div id=\":e6\" class=\"hq gt a10\"><\/div>\n","protected":false},"excerpt":{"rendered":"<p>Fam\u00edlies,<br \/>\nus compartim un article\u00a0 del psic\u00f2leg Rafa Guerrero sobre la sobreprotecci\u00f3 als infants.<br \/>\n<a href=\"https:\/\/www.lavanguardia.com\/cribeo\/viral\/20250610\/10772200\/rafa-guerrero-psicologo-nino-sobreprotegido-infancia-padres-convertir-persona-indecisa-mmn.html\" target=\"_blank\" rel=\"noopener\">ARTICLE<\/a><br \/>\nDespr\u00e9s teniu un v\u00eddeo\u00a0d&#8217;una entrevista a una psiquiatra que ens parla de la frustraci\u00f3. Teniu la versi\u00f3 llarga i la versi\u00f3 resum.<br \/>\nDoneu-li un cop d&#8217;ull que paga molt la pena.<\/p>\n<ul>\n<li><a&hellip;  <a href=\"https:\/\/agora.xtec.cat\/ceip-santacreu-anglesola\/portada\/com-gestionar-la-frustracio\/\" title=\"Read COM GESTIONAR LA FRUSTRACI\u00d3\">Llegeix m\u00e9s\u00bb<\/a><br \/>\n","protected":false},"author":11,"featured_media":8011,"comment_status":"open","ping_status":"open","sticky":false,"template":"","format":"standard","meta":{"_bbp_topic_count":0,"_bbp_reply_count":0,"_bbp_total_topic_count":0,"_bbp_total_reply_count":0,"_bbp_voice_count":0,"_bbp_anonymous_reply_count":0,"_bbp_topic_count_hidden":0,"_bbp_reply_count_hidden":0,"_bbp_forum_subforum_count":0,"footnotes":""},"categories":[54,4],"tags":[],"class_list":["post-8010","post","type-post","status-publish","format-standard","has-post-thumbnail","hentry","category-articles","category-portada"],"post_mailing_queue_ids":[],"_links":{"self":[{"href":"https:\/\/agora.xtec.cat\/ceip-santacreu-anglesola\/wp-json\/wp\/v2\/posts\/8010","targetHints":{"allow":["GET"]}}],"collection":[{"href":"https:\/\/agora.xtec.cat\/ceip-santacreu-anglesola\/wp-json\/wp\/v2\/posts"}],"about":[{"href":"https:\/\/agora.xtec.cat\/ceip-santacreu-anglesola\/wp-json\/wp\/v2\/types\/post"}],"author":[{"embeddable":true,"href":"https:\/\/agora.xtec.cat\/ceip-santacreu-anglesola\/wp-json\/wp\/v2\/users\/11"}],"replies":[{"embeddable":true,"href":"https:\/\/agora.xtec.cat\/ceip-santacreu-anglesola\/wp-json\/wp\/v2\/comments?post=8010"}],"version-history":[{"count":1,"href":"https:\/\/agora.xtec.cat\/ceip-santacreu-anglesola\/wp-json\/wp\/v2\/posts\/8010\/revisions"}],"predecessor-version":[{"id":8012,"href":"https:\/\/agora.xtec.cat\/ceip-santacreu-anglesola\/wp-json\/wp\/v2\/posts\/8010\/revisions\/8012"}],"wp:featuredmedia":[{"embeddable":true,"href":"https:\/\/agora.xtec.cat\/ceip-santacreu-anglesola\/wp-json\/wp\/v2\/media\/8011"}],"wp:attachment":[{"href":"https:\/\/agora.xtec.cat\/ceip-santacreu-anglesola\/wp-json\/wp\/v2\/media?parent=8010"}],"wp:term":[{"taxonomy":"category","embeddable":true,"href":"https:\/\/agora.xtec.cat\/ceip-santacreu-anglesola\/wp-json\/wp\/v2\/categories?post=8010"},{"taxonomy":"post_tag","embeddable":true,"href":"https:\/\/agora.xtec.cat\/ceip-santacreu-anglesola\/wp-json\/wp\/v2\/tags?post=8010"}],"curies":[{"name":"wp","href":"https:\/\/api.w.org\/{rel}","templated":true}]}}