{"id":7965,"date":"2025-06-20T12:50:27","date_gmt":"2025-06-20T10:50:27","guid":{"rendered":"https:\/\/agora.xtec.cat\/ceip-santacreu-anglesola\/?p=7965"},"modified":"2025-06-20T12:50:27","modified_gmt":"2025-06-20T10:50:27","slug":"ultim-dia-del-curs-24-25","status":"publish","type":"post","link":"https:\/\/agora.xtec.cat\/ceip-santacreu-anglesola\/general\/ultim-dia-del-curs-24-25\/","title":{"rendered":"\u00daLTIM DIA DEL CURS 24-25"},"content":{"rendered":"<p>La traca final de la nostra festa major i com a acabament del curs escolar 24-25, aquest divendres 20 de juny l\u2019alumnat de 6\u00e8 ens ha preparat un mat\u00ed de jocs divertits, distrets i variats per a tot l\u2019alumnat del centre. Aquests jocs<span style=\"font-family: inherit; font-size: 1em;\"> han posat a prova la destresa, rapidesa i altres habilitats. Hem passat un mat\u00ed molt entretingut. A mig mat\u00ed, l\u2019AFA ens ha obsequiat amb un esmorzar bon\u00edssim, GELATS!!!, que ens ha carregat d&#8217;energia per a continuar jugant. Per acabar aquest mat\u00ed tan especial, hem fet una gran rotllana al pati tots junts agafats de les mans i cantant la can\u00e7\u00f3 \u00ab\u00c9s l\u2019hora dels ad\u00e9us\u00bb per acomiadar-nos del curs i comen\u00e7ar les merescudes vacances d\u2019estiu. Fins aqu\u00ed el curs 24-25, un any ple de reptes, aprenentatges, emocions i moments per recordar. Ens retrobem al setembre amb les piles carregades per continuar treballant per un nou curs plegats! BON ESTIU!!<\/span><\/p>\n<p>Clica a la imatge per a veure les fotografies:<\/p>\n<p><a href=\"https:\/\/agora.xtec.cat\/ceip-santacreu-anglesola\/?p=7970&amp;preview=true\" target=\"_blank\" rel=\"noopener\"><img loading=\"lazy\" decoding=\"async\" class=\"aligncenter size-full wp-image-7967\" src=\"https:\/\/agora.xtec.cat\/ceip-santacreu-anglesola\/wp-content\/uploads\/usu483\/2025\/06\/1.jpg\" alt=\"\" width=\"301\" height=\"167\" \/><\/a><\/p>\n","protected":false},"excerpt":{"rendered":"<p>La traca final de la nostra festa major i com a acabament del curs escolar 24-25, aquest divendres 20 de juny l\u2019alumnat de 6\u00e8 ens ha preparat un mat\u00ed de jocs divertits, distrets i variats per a tot l\u2019alumnat del centre. Aquests jocs han posat&hellip;  <a href=\"https:\/\/agora.xtec.cat\/ceip-santacreu-anglesola\/general\/ultim-dia-del-curs-24-25\/\" title=\"Read \u00daLTIM DIA DEL CURS 24-25\">Llegeix m\u00e9s\u00bb<\/a><\/p>\n","protected":false},"author":11,"featured_media":0,"comment_status":"open","ping_status":"open","sticky":false,"template":"","format":"standard","meta":{"_bbp_topic_count":0,"_bbp_reply_count":0,"_bbp_total_topic_count":0,"_bbp_total_reply_count":0,"_bbp_voice_count":0,"_bbp_anonymous_reply_count":0,"_bbp_topic_count_hidden":0,"_bbp_reply_count_hidden":0,"_bbp_forum_subforum_count":0,"footnotes":""},"categories":[1,4],"tags":[],"class_list":["post-7965","post","type-post","status-publish","format-standard","hentry","category-general","category-portada"],"post_mailing_queue_ids":[],"_links":{"self":[{"href":"https:\/\/agora.xtec.cat\/ceip-santacreu-anglesola\/wp-json\/wp\/v2\/posts\/7965","targetHints":{"allow":["GET"]}}],"collection":[{"href":"https:\/\/agora.xtec.cat\/ceip-santacreu-anglesola\/wp-json\/wp\/v2\/posts"}],"about":[{"href":"https:\/\/agora.xtec.cat\/ceip-santacreu-anglesola\/wp-json\/wp\/v2\/types\/post"}],"author":[{"embeddable":true,"href":"https:\/\/agora.xtec.cat\/ceip-santacreu-anglesola\/wp-json\/wp\/v2\/users\/11"}],"replies":[{"embeddable":true,"href":"https:\/\/agora.xtec.cat\/ceip-santacreu-anglesola\/wp-json\/wp\/v2\/comments?post=7965"}],"version-history":[{"count":2,"href":"https:\/\/agora.xtec.cat\/ceip-santacreu-anglesola\/wp-json\/wp\/v2\/posts\/7965\/revisions"}],"predecessor-version":[{"id":7973,"href":"https:\/\/agora.xtec.cat\/ceip-santacreu-anglesola\/wp-json\/wp\/v2\/posts\/7965\/revisions\/7973"}],"wp:attachment":[{"href":"https:\/\/agora.xtec.cat\/ceip-santacreu-anglesola\/wp-json\/wp\/v2\/media?parent=7965"}],"wp:term":[{"taxonomy":"category","embeddable":true,"href":"https:\/\/agora.xtec.cat\/ceip-santacreu-anglesola\/wp-json\/wp\/v2\/categories?post=7965"},{"taxonomy":"post_tag","embeddable":true,"href":"https:\/\/agora.xtec.cat\/ceip-santacreu-anglesola\/wp-json\/wp\/v2\/tags?post=7965"}],"curies":[{"name":"wp","href":"https:\/\/api.w.org\/{rel}","templated":true}]}}