{"id":7964,"date":"2025-06-20T12:21:58","date_gmt":"2025-06-20T10:21:58","guid":{"rendered":"https:\/\/agora.xtec.cat\/ceip-santacreu-anglesola\/?p=7964"},"modified":"2025-06-20T12:21:58","modified_gmt":"2025-06-20T10:21:58","slug":"fi-de-curs","status":"publish","type":"post","link":"https:\/\/agora.xtec.cat\/ceip-santacreu-anglesola\/general\/fi-de-curs\/","title":{"rendered":"Fi de curs"},"content":{"rendered":"<p>Arriba l&#8217;estiu i tanquem un altre curs a l&#8217;escola Santa Creu, ple d&#8217;aprenentatges, amistats i moments molt bonics compartits amb tota la comunitat educativa.<\/p>\n<p>Com \u00e9s tradici\u00f3 de cada any, vam realitzar un homenatge al nostre alumnat de sis\u00e8 que continuar\u00e0 el seu cam\u00ed l&#8217;any vinent als seus respectius instituts. Es va fer entrega a cada alumne d&#8217;una banda ressaltant les seves virtuts. Va ser un moment molt bonic i molt emotiu on tamb\u00e9 vam aprofitar per acomiadar als mestres que l&#8217;any vinent no hi seran.<\/p>\n<p>Despr\u00e9s del pati vam fer l&#8217;entrega d&#8217;orles als alumnes de sis\u00e8. Les dues tutores els van llegir un text molt bonic recordant les seves qualitats i encoratjant-los a seguir el seu cam\u00ed amb valentia i amb esfor\u00e7.<\/p>\n<p>Finalment, tot l&#8217;alumnat de l&#8217;escola va participar al festival. Felicitar-los ja que va quedar un festival molt bonic!<\/p>\n<p>Per acabar, nom\u00e9s desitjar a l&#8217;alumnat de sis\u00e8 que tingui molta sort i encerts en la nova etapa que comencen. Estem segurs que amb treball i esfor\u00e7 no tindran dificultats per aconseguir all\u00f2 que desitgen, ja que han demostrat tenir un gran potencial. A la resta de l&#8217;alumnat us esperem el curs vinent amb moltes ganes i amb les piles renovades!<\/p>\n<p>Que passeu un bon estiu!!<\/p>\n<p>Clicant a la seg\u00fcent imatge trobareu les fotos i els v\u00eddeos:<\/p>\n<p><a href=\"https:\/\/agora.xtec.cat\/ceip-santacreu-anglesola\/general\/fi-de-curs-ocult\/\"><img loading=\"lazy\" decoding=\"async\" class=\"size-full wp-image-7966 aligncenter\" src=\"https:\/\/agora.xtec.cat\/ceip-santacreu-anglesola\/wp-content\/uploads\/usu483\/2025\/06\/portada-festival-fi-de-curs.jpg\" alt=\"\" width=\"706\" height=\"391\" srcset=\"https:\/\/agora.xtec.cat\/ceip-santacreu-anglesola\/wp-content\/uploads\/usu483\/2025\/06\/portada-festival-fi-de-curs.jpg 706w, https:\/\/agora.xtec.cat\/ceip-santacreu-anglesola\/wp-content\/uploads\/usu483\/2025\/06\/portada-festival-fi-de-curs-300x166.jpg 300w\" sizes=\"auto, (max-width: 706px) 100vw, 706px\" \/><\/a><\/p>\n<p>&nbsp;<\/p>\n<p>&nbsp;<\/p>\n","protected":false},"excerpt":{"rendered":"<p>Arriba l&#8217;estiu i tanquem un altre curs a l&#8217;escola Santa Creu, ple d&#8217;aprenentatges, amistats i moments molt bonics compartits amb tota la comunitat educativa.<br \/>\nCom \u00e9s tradici\u00f3 de cada any, vam realitzar un homenatge al nostre alumnat de sis\u00e8 que continuar\u00e0 el seu cam\u00ed l&#8217;any vinent&hellip;  <a href=\"https:\/\/agora.xtec.cat\/ceip-santacreu-anglesola\/general\/fi-de-curs\/\" title=\"Read Fi de curs\">Llegeix m\u00e9s\u00bb<\/a><\/p>\n","protected":false},"author":1,"featured_media":7966,"comment_status":"open","ping_status":"open","sticky":false,"template":"","format":"standard","meta":{"_bbp_topic_count":0,"_bbp_reply_count":0,"_bbp_total_topic_count":0,"_bbp_total_reply_count":0,"_bbp_voice_count":0,"_bbp_anonymous_reply_count":0,"_bbp_topic_count_hidden":0,"_bbp_reply_count_hidden":0,"_bbp_forum_subforum_count":0,"footnotes":""},"categories":[1,4],"tags":[],"class_list":["post-7964","post","type-post","status-publish","format-standard","has-post-thumbnail","hentry","category-general","category-portada"],"post_mailing_queue_ids":[],"_links":{"self":[{"href":"https:\/\/agora.xtec.cat\/ceip-santacreu-anglesola\/wp-json\/wp\/v2\/posts\/7964","targetHints":{"allow":["GET"]}}],"collection":[{"href":"https:\/\/agora.xtec.cat\/ceip-santacreu-anglesola\/wp-json\/wp\/v2\/posts"}],"about":[{"href":"https:\/\/agora.xtec.cat\/ceip-santacreu-anglesola\/wp-json\/wp\/v2\/types\/post"}],"author":[{"embeddable":true,"href":"https:\/\/agora.xtec.cat\/ceip-santacreu-anglesola\/wp-json\/wp\/v2\/users\/1"}],"replies":[{"embeddable":true,"href":"https:\/\/agora.xtec.cat\/ceip-santacreu-anglesola\/wp-json\/wp\/v2\/comments?post=7964"}],"version-history":[{"count":2,"href":"https:\/\/agora.xtec.cat\/ceip-santacreu-anglesola\/wp-json\/wp\/v2\/posts\/7964\/revisions"}],"predecessor-version":[{"id":7975,"href":"https:\/\/agora.xtec.cat\/ceip-santacreu-anglesola\/wp-json\/wp\/v2\/posts\/7964\/revisions\/7975"}],"wp:featuredmedia":[{"embeddable":true,"href":"https:\/\/agora.xtec.cat\/ceip-santacreu-anglesola\/wp-json\/wp\/v2\/media\/7966"}],"wp:attachment":[{"href":"https:\/\/agora.xtec.cat\/ceip-santacreu-anglesola\/wp-json\/wp\/v2\/media?parent=7964"}],"wp:term":[{"taxonomy":"category","embeddable":true,"href":"https:\/\/agora.xtec.cat\/ceip-santacreu-anglesola\/wp-json\/wp\/v2\/categories?post=7964"},{"taxonomy":"post_tag","embeddable":true,"href":"https:\/\/agora.xtec.cat\/ceip-santacreu-anglesola\/wp-json\/wp\/v2\/tags?post=7964"}],"curies":[{"name":"wp","href":"https:\/\/api.w.org\/{rel}","templated":true}]}}