{"id":7954,"date":"2025-06-18T14:38:05","date_gmt":"2025-06-18T12:38:05","guid":{"rendered":"https:\/\/agora.xtec.cat\/ceip-santacreu-anglesola\/?p=7954"},"modified":"2025-06-18T16:31:41","modified_gmt":"2025-06-18T14:31:41","slug":"cursa-solidaria-i-esmorzar-saludable","status":"publish","type":"post","link":"https:\/\/agora.xtec.cat\/ceip-santacreu-anglesola\/general\/cursa-solidaria-i-esmorzar-saludable\/","title":{"rendered":"CURSA SOLID\u00c0RIA I ESMORZAR SALUDABLE"},"content":{"rendered":"<p>Aquest dimecres 18 de Juny dins de les activitats de la setmana cultural el nostre alumnat ha realitzat la cursa solid\u00e0ria dins del recinte escolar.<\/p>\n<p>Cada curs ha corregut una dist\u00e0ncia diferent en relaci\u00f3 a la seva edat. L\u2019alumnat de sis\u00e8 ha fet 6 voltes, l\u2019alumnat de cinqu\u00e8 ha fet 5 voltes i aix\u00ed successivament.<\/p>\n<p>Tot i la calor, tothom ha gaudit molt i s\u2019han esfor\u00e7at de valent per tal de finalitzar el recorregut. Tots han demostrat que s\u00f3n uns campions i campiones!!<\/p>\n<p>Seguidament, s\u2019ha fet l\u2019entrega de medalles al primer nen i a la primera nena de cada curs, tot i que, com ja hem dit, tots s\u00f3n uns guanyadors.<\/p>\n<p>Durant la setmana, els mestres han anat recollint les aportacions econ\u00f2miques amb les que les fam\u00edlies han volgut col\u00b7laborar en aquesta activitat solid\u00e0ria.<\/p>\n<p>Aquest any, els diners aniran destinats a l\u2019associaci\u00f3 Pallapupas. Els Pallapupas s\u00f3n actors i actrius professionals formats en t\u00e8cniques teatrals, clown i amb coneixements sanitaris essencials per dur a terme la seva feina. Treballen amb un m\u00e8tode art\u00edstic propi adre\u00e7at a pacients de totes les edats i en estreta col\u00b7laboraci\u00f3 amb el personal sanitari. Ells s\u00f3n uns professionals de la cura emocional amb m\u00e9s de 20 anys d\u2019experi\u00e8ncia que treballen per donar espai al riure i a l\u2019humor durant el proc\u00e9s de la malaltia i, aix\u00ed, transformar els hospitals en llocs m\u00e9s amables i plens de vida.<\/p>\n<p>I, per tancar aquesta activitat esportiva, agrair a l\u2019AMPA la seva col\u00b7laboraci\u00f3 amb un magn\u00edfic esmorzar saludable que despr\u00e8s de tant d\u2019esfor\u00e7 ha donat molta energia i vitalitat a tots els nostres corredors. Molt\u00edssimes gr\u00e0cies AMPA per l\u2019esmorzar i la feinada de la seva preparaci\u00f3!! Tot l\u2019alumnat i els mestres hem estat encantad\u00edssims amb aquest s\u00faper esmorzar!!<\/p>\n<p><a href=\"https:\/\/agora.xtec.cat\/ceip-santacreu-anglesola\/?p=7957&amp;preview=true\" target=\"_blank\" rel=\"noopener\"><img loading=\"lazy\" decoding=\"async\" class=\"wp-image-7955 aligncenter\" src=\"https:\/\/agora.xtec.cat\/ceip-santacreu-anglesola\/wp-content\/uploads\/usu483\/2025\/06\/pallapupas_logo-pallassos.jpg\" alt=\"\" width=\"267\" height=\"254\" \/><\/a><\/p>\n","protected":false},"excerpt":{"rendered":"<p>Aquest dimecres 18 de Juny dins de les activitats de la setmana cultural el nostre alumnat ha realitzat la cursa solid\u00e0ria dins del recinte escolar.<br \/>\nCada curs ha corregut una dist\u00e0ncia diferent en relaci\u00f3 a la seva edat. L\u2019alumnat de sis\u00e8 ha fet 6 voltes, l\u2019alumnat&hellip;  <a href=\"https:\/\/agora.xtec.cat\/ceip-santacreu-anglesola\/general\/cursa-solidaria-i-esmorzar-saludable\/\" title=\"Read CURSA SOLID\u00c0RIA I ESMORZAR SALUDABLE\">Llegeix m\u00e9s\u00bb<\/a><\/p>\n","protected":false},"author":1,"featured_media":7955,"comment_status":"closed","ping_status":"closed","sticky":false,"template":"","format":"standard","meta":{"_bbp_topic_count":0,"_bbp_reply_count":0,"_bbp_total_topic_count":0,"_bbp_total_reply_count":0,"_bbp_voice_count":0,"_bbp_anonymous_reply_count":0,"_bbp_topic_count_hidden":0,"_bbp_reply_count_hidden":0,"_bbp_forum_subforum_count":0,"footnotes":""},"categories":[1,4],"tags":[],"class_list":["post-7954","post","type-post","status-publish","format-standard","has-post-thumbnail","hentry","category-general","category-portada"],"post_mailing_queue_ids":[],"_links":{"self":[{"href":"https:\/\/agora.xtec.cat\/ceip-santacreu-anglesola\/wp-json\/wp\/v2\/posts\/7954","targetHints":{"allow":["GET"]}}],"collection":[{"href":"https:\/\/agora.xtec.cat\/ceip-santacreu-anglesola\/wp-json\/wp\/v2\/posts"}],"about":[{"href":"https:\/\/agora.xtec.cat\/ceip-santacreu-anglesola\/wp-json\/wp\/v2\/types\/post"}],"author":[{"embeddable":true,"href":"https:\/\/agora.xtec.cat\/ceip-santacreu-anglesola\/wp-json\/wp\/v2\/users\/1"}],"replies":[{"embeddable":true,"href":"https:\/\/agora.xtec.cat\/ceip-santacreu-anglesola\/wp-json\/wp\/v2\/comments?post=7954"}],"version-history":[{"count":4,"href":"https:\/\/agora.xtec.cat\/ceip-santacreu-anglesola\/wp-json\/wp\/v2\/posts\/7954\/revisions"}],"predecessor-version":[{"id":7961,"href":"https:\/\/agora.xtec.cat\/ceip-santacreu-anglesola\/wp-json\/wp\/v2\/posts\/7954\/revisions\/7961"}],"wp:featuredmedia":[{"embeddable":true,"href":"https:\/\/agora.xtec.cat\/ceip-santacreu-anglesola\/wp-json\/wp\/v2\/media\/7955"}],"wp:attachment":[{"href":"https:\/\/agora.xtec.cat\/ceip-santacreu-anglesola\/wp-json\/wp\/v2\/media?parent=7954"}],"wp:term":[{"taxonomy":"category","embeddable":true,"href":"https:\/\/agora.xtec.cat\/ceip-santacreu-anglesola\/wp-json\/wp\/v2\/categories?post=7954"},{"taxonomy":"post_tag","embeddable":true,"href":"https:\/\/agora.xtec.cat\/ceip-santacreu-anglesola\/wp-json\/wp\/v2\/tags?post=7954"}],"curies":[{"name":"wp","href":"https:\/\/api.w.org\/{rel}","templated":true}]}}