{"id":7929,"date":"2025-06-12T08:51:48","date_gmt":"2025-06-12T06:51:48","guid":{"rendered":"https:\/\/agora.xtec.cat\/ceip-santacreu-anglesola\/?p=7929"},"modified":"2025-06-12T10:29:33","modified_gmt":"2025-06-12T08:29:33","slug":"excursio-a-manresa-educacio-infantil","status":"publish","type":"post","link":"https:\/\/agora.xtec.cat\/ceip-santacreu-anglesola\/general\/excursio-a-manresa-educacio-infantil\/","title":{"rendered":"EXCURSI\u00d3 A MANRESA EDUCACI\u00d3 INFANTIL"},"content":{"rendered":"<p>El passat dijous 05 de juny, l&#8217;alumnat d&#8217;Educaci\u00f3 Infantil va anar d&#8217;excursi\u00f3 a Manresa. All\u00ed vam visitar el LAB06, un espai de descoberta, recerca i documentaci\u00f3 per a l&#8217;educaci\u00f3 cient\u00edfica a les primeres edats, depenent de la Universitat de Manresa.<\/p>\n<p>En aquest centre vam fer un taller per descobrir les propietats de l&#8217;aigua, i despr\u00e8s vam poder experimentar lliurement de totes les propostes que ens tenien preparades.<\/p>\n<p>Despr\u00e9s de la visita al LAB06 vam anar a dinar i jugar al parc de l&#8217;Agulla.<\/p>\n<p>Ens ho vam passar molt b\u00e9!<\/p>\n<p>Si voleu veure les fotos de la sortida, cliqueu a la imatge.<\/p>\n<p><a href=\"https:\/\/agora.xtec.cat\/ceip-santacreu-anglesola\/?p=7933&amp;preview=true\"><img loading=\"lazy\" decoding=\"async\" class=\"aligncenter wp-image-7931\" src=\"https:\/\/agora.xtec.cat\/ceip-santacreu-anglesola\/wp-content\/uploads\/usu483\/2025\/06\/46825252-bus-excursion-1024x429.jpg\" alt=\"\" width=\"460\" height=\"193\" srcset=\"https:\/\/agora.xtec.cat\/ceip-santacreu-anglesola\/wp-content\/uploads\/usu483\/2025\/06\/46825252-bus-excursion-1024x429.jpg 1024w, https:\/\/agora.xtec.cat\/ceip-santacreu-anglesola\/wp-content\/uploads\/usu483\/2025\/06\/46825252-bus-excursion-300x126.jpg 300w, https:\/\/agora.xtec.cat\/ceip-santacreu-anglesola\/wp-content\/uploads\/usu483\/2025\/06\/46825252-bus-excursion-768x322.jpg 768w, https:\/\/agora.xtec.cat\/ceip-santacreu-anglesola\/wp-content\/uploads\/usu483\/2025\/06\/46825252-bus-excursion.jpg 1300w\" sizes=\"auto, (max-width: 460px) 100vw, 460px\" \/><\/a><\/p>\n","protected":false},"excerpt":{"rendered":"<p>El passat dijous 05 de juny, l&#8217;alumnat d&#8217;Educaci\u00f3 Infantil va anar d&#8217;excursi\u00f3 a Manresa. All\u00ed vam visitar el LAB06, un espai de descoberta, recerca i documentaci\u00f3 per a l&#8217;educaci\u00f3 cient\u00edfica a les primeres edats, depenent de la Universitat de Manresa.<br \/>\nEn aquest centre vam fer un&hellip;  <a href=\"https:\/\/agora.xtec.cat\/ceip-santacreu-anglesola\/general\/excursio-a-manresa-educacio-infantil\/\" title=\"Read EXCURSI\u00d3 A MANRESA EDUCACI\u00d3 INFANTIL\">Llegeix m\u00e9s\u00bb<\/a><\/p>\n","protected":false},"author":24,"featured_media":0,"comment_status":"closed","ping_status":"closed","sticky":false,"template":"","format":"standard","meta":{"_bbp_topic_count":0,"_bbp_reply_count":0,"_bbp_total_topic_count":0,"_bbp_total_reply_count":0,"_bbp_voice_count":0,"_bbp_anonymous_reply_count":0,"_bbp_topic_count_hidden":0,"_bbp_reply_count_hidden":0,"_bbp_forum_subforum_count":0,"footnotes":""},"categories":[1,2,4],"tags":[],"class_list":["post-7929","post","type-post","status-publish","format-standard","hentry","category-general","category-infantil","category-portada"],"post_mailing_queue_ids":[],"_links":{"self":[{"href":"https:\/\/agora.xtec.cat\/ceip-santacreu-anglesola\/wp-json\/wp\/v2\/posts\/7929","targetHints":{"allow":["GET"]}}],"collection":[{"href":"https:\/\/agora.xtec.cat\/ceip-santacreu-anglesola\/wp-json\/wp\/v2\/posts"}],"about":[{"href":"https:\/\/agora.xtec.cat\/ceip-santacreu-anglesola\/wp-json\/wp\/v2\/types\/post"}],"author":[{"embeddable":true,"href":"https:\/\/agora.xtec.cat\/ceip-santacreu-anglesola\/wp-json\/wp\/v2\/users\/24"}],"replies":[{"embeddable":true,"href":"https:\/\/agora.xtec.cat\/ceip-santacreu-anglesola\/wp-json\/wp\/v2\/comments?post=7929"}],"version-history":[{"count":5,"href":"https:\/\/agora.xtec.cat\/ceip-santacreu-anglesola\/wp-json\/wp\/v2\/posts\/7929\/revisions"}],"predecessor-version":[{"id":7941,"href":"https:\/\/agora.xtec.cat\/ceip-santacreu-anglesola\/wp-json\/wp\/v2\/posts\/7929\/revisions\/7941"}],"wp:attachment":[{"href":"https:\/\/agora.xtec.cat\/ceip-santacreu-anglesola\/wp-json\/wp\/v2\/media?parent=7929"}],"wp:term":[{"taxonomy":"category","embeddable":true,"href":"https:\/\/agora.xtec.cat\/ceip-santacreu-anglesola\/wp-json\/wp\/v2\/categories?post=7929"},{"taxonomy":"post_tag","embeddable":true,"href":"https:\/\/agora.xtec.cat\/ceip-santacreu-anglesola\/wp-json\/wp\/v2\/tags?post=7929"}],"curies":[{"name":"wp","href":"https:\/\/api.w.org\/{rel}","templated":true}]}}