{"id":7915,"date":"2025-06-11T12:18:47","date_gmt":"2025-06-11T10:18:47","guid":{"rendered":"https:\/\/agora.xtec.cat\/ceip-santacreu-anglesola\/?p=7915"},"modified":"2025-06-11T12:18:47","modified_gmt":"2025-06-11T10:18:47","slug":"activitat-a-la-biblioteca-de-tarrega-dissabte-14-de-juny","status":"publish","type":"post","link":"https:\/\/agora.xtec.cat\/ceip-santacreu-anglesola\/portada\/activitat-a-la-biblioteca-de-tarrega-dissabte-14-de-juny\/","title":{"rendered":"Activitat a la biblioteca de T\u00e0rrega. Dissabte 14 de juny."},"content":{"rendered":"<p><img loading=\"lazy\" decoding=\"async\" class=\"css-9pa8cd\" draggable=\"true\" src=\"https:\/\/pbs.twimg.com\/media\/GslqvHwWkAASJN6?format=jpg&amp;name=large\" alt=\"Biblioteca Germanes G\u00fcell de T\u00e0rrega: 14 de juny taller de dibuix de c\u00f2mic impartit per Marc Yarza\" width=\"627\" height=\"784\" \/><\/p>\n","protected":false},"excerpt":{"rendered":"","protected":false},"author":3,"featured_media":0,"comment_status":"open","ping_status":"open","sticky":false,"template":"","format":"standard","meta":{"_bbp_topic_count":0,"_bbp_reply_count":0,"_bbp_total_topic_count":0,"_bbp_total_reply_count":0,"_bbp_voice_count":0,"_bbp_anonymous_reply_count":0,"_bbp_topic_count_hidden":0,"_bbp_reply_count_hidden":0,"_bbp_forum_subforum_count":0,"footnotes":""},"categories":[4,65],"tags":[],"class_list":["post-7915","post","type-post","status-publish","format-standard","hentry","category-portada","category-suggeriments"],"post_mailing_queue_ids":[],"_links":{"self":[{"href":"https:\/\/agora.xtec.cat\/ceip-santacreu-anglesola\/wp-json\/wp\/v2\/posts\/7915","targetHints":{"allow":["GET"]}}],"collection":[{"href":"https:\/\/agora.xtec.cat\/ceip-santacreu-anglesola\/wp-json\/wp\/v2\/posts"}],"about":[{"href":"https:\/\/agora.xtec.cat\/ceip-santacreu-anglesola\/wp-json\/wp\/v2\/types\/post"}],"author":[{"embeddable":true,"href":"https:\/\/agora.xtec.cat\/ceip-santacreu-anglesola\/wp-json\/wp\/v2\/users\/3"}],"replies":[{"embeddable":true,"href":"https:\/\/agora.xtec.cat\/ceip-santacreu-anglesola\/wp-json\/wp\/v2\/comments?post=7915"}],"version-history":[{"count":1,"href":"https:\/\/agora.xtec.cat\/ceip-santacreu-anglesola\/wp-json\/wp\/v2\/posts\/7915\/revisions"}],"predecessor-version":[{"id":7916,"href":"https:\/\/agora.xtec.cat\/ceip-santacreu-anglesola\/wp-json\/wp\/v2\/posts\/7915\/revisions\/7916"}],"wp:attachment":[{"href":"https:\/\/agora.xtec.cat\/ceip-santacreu-anglesola\/wp-json\/wp\/v2\/media?parent=7915"}],"wp:term":[{"taxonomy":"category","embeddable":true,"href":"https:\/\/agora.xtec.cat\/ceip-santacreu-anglesola\/wp-json\/wp\/v2\/categories?post=7915"},{"taxonomy":"post_tag","embeddable":true,"href":"https:\/\/agora.xtec.cat\/ceip-santacreu-anglesola\/wp-json\/wp\/v2\/tags?post=7915"}],"curies":[{"name":"wp","href":"https:\/\/api.w.org\/{rel}","templated":true}]}}