{"id":7864,"date":"2025-05-23T11:52:25","date_gmt":"2025-05-23T09:52:25","guid":{"rendered":"https:\/\/agora.xtec.cat\/ceip-santacreu-anglesola\/?p=7864"},"modified":"2025-05-23T17:02:16","modified_gmt":"2025-05-23T15:02:16","slug":"taller-deducacio-viaria-a-tarrega","status":"publish","type":"post","link":"https:\/\/agora.xtec.cat\/ceip-santacreu-anglesola\/portada\/taller-deducacio-viaria-a-tarrega\/","title":{"rendered":"TALLER D\u2019EDUCACI\u00d3 VI\u00c0RIA A T\u00c0RREGA"},"content":{"rendered":"<p>El dilluns 19 de maig els alumnes de cicle mitj\u00e0 vam realitzar un taller sobre educaci\u00f3 vi\u00e0ria a T\u00e0rrega.<\/p>\n<p>Dos monitors ens van fer participar en diferents activitats sobre seguretat vi\u00e0ria en una simulaci\u00f3 d\u2019un espai urb\u00e0. L\u2019alumnat vam actuar com a vianants i tamb\u00e9 com a conductors, amb una bicicleta. Vam aprendre a interpretar algunes de les senyals m\u00e9s importants i les normes de tr\u00e0nsit per a vianants i conductors.<\/p>\n<p>Vam rec\u00f3rrer un circuit per poder practicar la nostra habilitat en circulaci\u00f3 vi\u00e0ria tot fent activitats de mobilitat per la via p\u00fablica.<\/p>\n<p>Ens ho vam passar molt b\u00e9!<\/p>\n<p>Cliqueu damunt de la imatge per veure les fotos!<\/p>\n<p><a href=\"https:\/\/agora.xtec.cat\/ceip-santacreu-anglesola\/general\/educacio-viaria-tarrega\/\" target=\"_blank\" rel=\"noopener\"><img loading=\"lazy\" decoding=\"async\" class=\"alignleft wp-image-7868 size-full\" src=\"https:\/\/agora.xtec.cat\/ceip-santacreu-anglesola\/wp-content\/uploads\/usu483\/2025\/05\/images.png\" alt=\"\" width=\"225\" height=\"225\" srcset=\"https:\/\/agora.xtec.cat\/ceip-santacreu-anglesola\/wp-content\/uploads\/usu483\/2025\/05\/images.png 225w, https:\/\/agora.xtec.cat\/ceip-santacreu-anglesola\/wp-content\/uploads\/usu483\/2025\/05\/images-150x150.png 150w\" sizes=\"auto, (max-width: 225px) 100vw, 225px\" \/><\/a><\/p>\n","protected":false},"excerpt":{"rendered":"<p>El dilluns 19 de maig els alumnes de cicle mitj\u00e0 vam realitzar un taller sobre educaci\u00f3 vi\u00e0ria a T\u00e0rrega.<br \/>\nDos monitors ens van fer participar en diferents activitats sobre seguretat vi\u00e0ria en una simulaci\u00f3 d\u2019un espai urb\u00e0. L\u2019alumnat vam actuar com a vianants i tamb\u00e9 com&hellip;  <a href=\"https:\/\/agora.xtec.cat\/ceip-santacreu-anglesola\/portada\/taller-deducacio-viaria-a-tarrega\/\" title=\"Read TALLER D\u2019EDUCACI\u00d3 VI\u00c0RIA A T\u00c0RREGA\">Llegeix m\u00e9s\u00bb<\/a><\/p>\n","protected":false},"author":16,"featured_media":7868,"comment_status":"open","ping_status":"closed","sticky":false,"template":"","format":"standard","meta":{"_bbp_topic_count":0,"_bbp_reply_count":0,"_bbp_total_topic_count":0,"_bbp_total_reply_count":0,"_bbp_voice_count":0,"_bbp_anonymous_reply_count":0,"_bbp_topic_count_hidden":0,"_bbp_reply_count_hidden":0,"_bbp_forum_subforum_count":0,"footnotes":""},"categories":[4],"tags":[],"class_list":["post-7864","post","type-post","status-publish","format-standard","has-post-thumbnail","hentry","category-portada"],"post_mailing_queue_ids":[],"_links":{"self":[{"href":"https:\/\/agora.xtec.cat\/ceip-santacreu-anglesola\/wp-json\/wp\/v2\/posts\/7864","targetHints":{"allow":["GET"]}}],"collection":[{"href":"https:\/\/agora.xtec.cat\/ceip-santacreu-anglesola\/wp-json\/wp\/v2\/posts"}],"about":[{"href":"https:\/\/agora.xtec.cat\/ceip-santacreu-anglesola\/wp-json\/wp\/v2\/types\/post"}],"author":[{"embeddable":true,"href":"https:\/\/agora.xtec.cat\/ceip-santacreu-anglesola\/wp-json\/wp\/v2\/users\/16"}],"replies":[{"embeddable":true,"href":"https:\/\/agora.xtec.cat\/ceip-santacreu-anglesola\/wp-json\/wp\/v2\/comments?post=7864"}],"version-history":[{"count":5,"href":"https:\/\/agora.xtec.cat\/ceip-santacreu-anglesola\/wp-json\/wp\/v2\/posts\/7864\/revisions"}],"predecessor-version":[{"id":7874,"href":"https:\/\/agora.xtec.cat\/ceip-santacreu-anglesola\/wp-json\/wp\/v2\/posts\/7864\/revisions\/7874"}],"wp:featuredmedia":[{"embeddable":true,"href":"https:\/\/agora.xtec.cat\/ceip-santacreu-anglesola\/wp-json\/wp\/v2\/media\/7868"}],"wp:attachment":[{"href":"https:\/\/agora.xtec.cat\/ceip-santacreu-anglesola\/wp-json\/wp\/v2\/media?parent=7864"}],"wp:term":[{"taxonomy":"category","embeddable":true,"href":"https:\/\/agora.xtec.cat\/ceip-santacreu-anglesola\/wp-json\/wp\/v2\/categories?post=7864"},{"taxonomy":"post_tag","embeddable":true,"href":"https:\/\/agora.xtec.cat\/ceip-santacreu-anglesola\/wp-json\/wp\/v2\/tags?post=7864"}],"curies":[{"name":"wp","href":"https:\/\/api.w.org\/{rel}","templated":true}]}}