{"id":7856,"date":"2025-05-19T19:06:04","date_gmt":"2025-05-19T17:06:04","guid":{"rendered":"https:\/\/agora.xtec.cat\/ceip-santacreu-anglesola\/?p=7856"},"modified":"2025-05-19T19:03:09","modified_gmt":"2025-05-19T17:03:09","slug":"taller-a-educacio-infantil-del-camp-a-lescola","status":"publish","type":"post","link":"https:\/\/agora.xtec.cat\/ceip-santacreu-anglesola\/general\/taller-a-educacio-infantil-del-camp-a-lescola\/","title":{"rendered":"Taller a Educaci\u00f3 Infantil Del Camp a l&#8217;Escola."},"content":{"rendered":"<p style=\"font-weight: 400;\">Aquest divendres dia 16 de maig com a centre adherit al programa Escolar de fruites, hortalisses i llet promogut pel Departament d\u2019Agricultura, Ramaderia, Pesca i Alimentaci\u00f3, els nens i nenes d\u2019Educaci\u00f3 Infantil vam participar en els tallers gratu\u00efts a l\u2019aula que aquest programa proporciona.<\/p>\n<p style=\"font-weight: 400;\">El taller s\u2019anomenava \u201cDel camp a l\u2019escola\u201d, i era una activitat de descoberta en la que, a partir de jocs i reptes, es convidava als nens i nenes a investigar d\u2019on provenen les fruites, verdures i l\u00e0ctics que mengem i el perqu\u00e8 s\u00f3n tant saludables per a nosaltres. A part de jocs tamb\u00e9 vam poder fer un petit tastet.<\/p>\n<p><a href=\"https:\/\/agora.xtec.cat\/ceip-santacreu-anglesola\/?p=7858&amp;preview=true\"><img loading=\"lazy\" decoding=\"async\" class=\"alignnone wp-image-7860 size-medium\" src=\"https:\/\/agora.xtec.cat\/ceip-santacreu-anglesola\/wp-content\/uploads\/usu483\/2025\/05\/cartellfruita-212x300.jpg\" alt=\"\" width=\"212\" height=\"300\" srcset=\"https:\/\/agora.xtec.cat\/ceip-santacreu-anglesola\/wp-content\/uploads\/usu483\/2025\/05\/cartellfruita-212x300.jpg 212w, https:\/\/agora.xtec.cat\/ceip-santacreu-anglesola\/wp-content\/uploads\/usu483\/2025\/05\/cartellfruita.jpg 723w\" sizes=\"auto, (max-width: 212px) 100vw, 212px\" \/><\/a><\/p>\n","protected":false},"excerpt":{"rendered":"<p>Aquest divendres dia 16 de maig com a centre adherit al programa Escolar de fruites, hortalisses i llet promogut pel Departament d\u2019Agricultura, Ramaderia, Pesca i Alimentaci\u00f3, els nens i nenes d\u2019Educaci\u00f3 Infantil vam participar en els tallers gratu\u00efts a l\u2019aula que aquest programa proporciona.<br \/>\nEl taller&hellip;  <a href=\"https:\/\/agora.xtec.cat\/ceip-santacreu-anglesola\/general\/taller-a-educacio-infantil-del-camp-a-lescola\/\" title=\"Read Taller a Educaci\u00f3 Infantil Del Camp a l&#8217;Escola.\">Llegeix m\u00e9s\u00bb<\/a><\/p>\n","protected":false},"author":4,"featured_media":0,"comment_status":"open","ping_status":"closed","sticky":false,"template":"","format":"standard","meta":{"_bbp_topic_count":0,"_bbp_reply_count":0,"_bbp_total_topic_count":0,"_bbp_total_reply_count":0,"_bbp_voice_count":0,"_bbp_anonymous_reply_count":0,"_bbp_topic_count_hidden":0,"_bbp_reply_count_hidden":0,"_bbp_forum_subforum_count":0,"footnotes":""},"categories":[1,4],"tags":[],"class_list":["post-7856","post","type-post","status-publish","format-standard","hentry","category-general","category-portada"],"post_mailing_queue_ids":[],"_links":{"self":[{"href":"https:\/\/agora.xtec.cat\/ceip-santacreu-anglesola\/wp-json\/wp\/v2\/posts\/7856","targetHints":{"allow":["GET"]}}],"collection":[{"href":"https:\/\/agora.xtec.cat\/ceip-santacreu-anglesola\/wp-json\/wp\/v2\/posts"}],"about":[{"href":"https:\/\/agora.xtec.cat\/ceip-santacreu-anglesola\/wp-json\/wp\/v2\/types\/post"}],"author":[{"embeddable":true,"href":"https:\/\/agora.xtec.cat\/ceip-santacreu-anglesola\/wp-json\/wp\/v2\/users\/4"}],"replies":[{"embeddable":true,"href":"https:\/\/agora.xtec.cat\/ceip-santacreu-anglesola\/wp-json\/wp\/v2\/comments?post=7856"}],"version-history":[{"count":3,"href":"https:\/\/agora.xtec.cat\/ceip-santacreu-anglesola\/wp-json\/wp\/v2\/posts\/7856\/revisions"}],"predecessor-version":[{"id":7863,"href":"https:\/\/agora.xtec.cat\/ceip-santacreu-anglesola\/wp-json\/wp\/v2\/posts\/7856\/revisions\/7863"}],"wp:attachment":[{"href":"https:\/\/agora.xtec.cat\/ceip-santacreu-anglesola\/wp-json\/wp\/v2\/media?parent=7856"}],"wp:term":[{"taxonomy":"category","embeddable":true,"href":"https:\/\/agora.xtec.cat\/ceip-santacreu-anglesola\/wp-json\/wp\/v2\/categories?post=7856"},{"taxonomy":"post_tag","embeddable":true,"href":"https:\/\/agora.xtec.cat\/ceip-santacreu-anglesola\/wp-json\/wp\/v2\/tags?post=7856"}],"curies":[{"name":"wp","href":"https:\/\/api.w.org\/{rel}","templated":true}]}}