{"id":7849,"date":"2025-05-14T11:03:35","date_gmt":"2025-05-14T09:03:35","guid":{"rendered":"https:\/\/agora.xtec.cat\/ceip-santacreu-anglesola\/?p=7849"},"modified":"2025-05-14T11:08:11","modified_gmt":"2025-05-14T09:08:11","slug":"bioeconomia-circular-6e-2","status":"publish","type":"post","link":"https:\/\/agora.xtec.cat\/ceip-santacreu-anglesola\/general\/bioeconomia-circular-6e-2\/","title":{"rendered":"BIOECONOMIA CIRCULAR, 6\u00c8"},"content":{"rendered":"<p data-start=\"248\" data-end=\"532\">Aquest curs hem viscut una experi\u00e8ncia molt enriquidora que ens ha ajudat a entendre millor com podem cuidar el planeta. Tot va comen\u00e7ar amb un taller sobre bioeconomia circular, a c\u00e0rrec de la J\u00falia Segal\u00e0s, ambient\u00f2loga de les Borges Blanques, que ens va visitar el mes de mar\u00e7. Durant la seva visita, vam aprendre com aquest model econ\u00f2mic sostenible ens pot ajudar a repensar l\u2019aprofitament dels residus, tant en l\u2019\u00e0mbit familiar com en el m\u00f3n industrial.<\/p>\n<p class=\"\" data-start=\"906\" data-end=\"1104\">Per consolidar els aprenentatges, ens vam dividir en dos grups i vam crear dos v\u00eddeos explicatius sobre el que hav\u00edem apr\u00e8s. Hi vam posar molta imaginaci\u00f3, ganes i treball en equip!<\/p>\n<p class=\"\" data-start=\"1106\" data-end=\"1371\">El projecte va culminar amb una sortida molt especial a l\u2019aeroport d\u2019Alguaire, on es va fer l\u2019acte de lliurament de reconeixements a les escoles participants per la feia feta . I, a m\u00e9s a m\u00e9s, vam guanyar el premi a la millor interpretaci\u00f3! Ens va fer molt\u00edssima il\u00b7lusi\u00f3 \ud83d\ude42<\/p>\n<p class=\"\" data-start=\"1373\" data-end=\"1564\">Aprofitant la visita, tamb\u00e9 vam poder con\u00e8ixer les instal\u00b7lacions dels bombers de l\u2019aeroport i el servei de falconeria<\/p>\n<p class=\"\" data-start=\"1566\" data-end=\"1691\">Ens ho vam passar molt b\u00e9 i, alhora, vam aprendre com podem contribuir a un futur m\u00e9s sostenible. Una activitat per recordar!<\/p>\n<p data-start=\"1566\" data-end=\"1691\">Per veure les fotos i els v\u00eddeos cliqueu a la seg\u00fcent imatge:<\/p>\n<p data-start=\"1566\" data-end=\"1691\"><a href=\"https:\/\/agora.xtec.cat\/ceip-santacreu-anglesola\/primaria\/6e\/bioeconomia-circular-6e\/\" target=\"_blank\" rel=\"noopener\"><img loading=\"lazy\" decoding=\"async\" class=\"aligncenter wp-image-7572 size-medium\" src=\"https:\/\/agora.xtec.cat\/ceip-santacreu-anglesola\/wp-content\/uploads\/usu483\/2025\/02\/bio-300x150.jpg\" alt=\"\" width=\"300\" height=\"150\" srcset=\"https:\/\/agora.xtec.cat\/ceip-santacreu-anglesola\/wp-content\/uploads\/usu483\/2025\/02\/bio-300x150.jpg 300w, https:\/\/agora.xtec.cat\/ceip-santacreu-anglesola\/wp-content\/uploads\/usu483\/2025\/02\/bio.jpg 317w\" sizes=\"auto, (max-width: 300px) 100vw, 300px\" \/><\/a><\/p>\n","protected":false},"excerpt":{"rendered":"<p>Aquest curs hem viscut una experi\u00e8ncia molt enriquidora que ens ha ajudat a entendre millor com podem cuidar el planeta. Tot va comen\u00e7ar amb un taller sobre bioeconomia circular, a c\u00e0rrec de la J\u00falia Segal\u00e0s, ambient\u00f2loga de les Borges Blanques, que ens va visitar el&hellip;  <a href=\"https:\/\/agora.xtec.cat\/ceip-santacreu-anglesola\/general\/bioeconomia-circular-6e-2\/\" title=\"Read BIOECONOMIA CIRCULAR, 6\u00c8\">Llegeix m\u00e9s\u00bb<\/a><\/p>\n","protected":false},"author":1,"featured_media":7572,"comment_status":"closed","ping_status":"closed","sticky":false,"template":"","format":"standard","meta":{"_bbp_topic_count":0,"_bbp_reply_count":0,"_bbp_total_topic_count":0,"_bbp_total_reply_count":0,"_bbp_voice_count":0,"_bbp_anonymous_reply_count":0,"_bbp_topic_count_hidden":0,"_bbp_reply_count_hidden":0,"_bbp_forum_subforum_count":0,"footnotes":""},"categories":[1,4],"tags":[],"class_list":["post-7849","post","type-post","status-publish","format-standard","has-post-thumbnail","hentry","category-general","category-portada"],"post_mailing_queue_ids":[],"_links":{"self":[{"href":"https:\/\/agora.xtec.cat\/ceip-santacreu-anglesola\/wp-json\/wp\/v2\/posts\/7849","targetHints":{"allow":["GET"]}}],"collection":[{"href":"https:\/\/agora.xtec.cat\/ceip-santacreu-anglesola\/wp-json\/wp\/v2\/posts"}],"about":[{"href":"https:\/\/agora.xtec.cat\/ceip-santacreu-anglesola\/wp-json\/wp\/v2\/types\/post"}],"author":[{"embeddable":true,"href":"https:\/\/agora.xtec.cat\/ceip-santacreu-anglesola\/wp-json\/wp\/v2\/users\/1"}],"replies":[{"embeddable":true,"href":"https:\/\/agora.xtec.cat\/ceip-santacreu-anglesola\/wp-json\/wp\/v2\/comments?post=7849"}],"version-history":[{"count":3,"href":"https:\/\/agora.xtec.cat\/ceip-santacreu-anglesola\/wp-json\/wp\/v2\/posts\/7849\/revisions"}],"predecessor-version":[{"id":7855,"href":"https:\/\/agora.xtec.cat\/ceip-santacreu-anglesola\/wp-json\/wp\/v2\/posts\/7849\/revisions\/7855"}],"wp:featuredmedia":[{"embeddable":true,"href":"https:\/\/agora.xtec.cat\/ceip-santacreu-anglesola\/wp-json\/wp\/v2\/media\/7572"}],"wp:attachment":[{"href":"https:\/\/agora.xtec.cat\/ceip-santacreu-anglesola\/wp-json\/wp\/v2\/media?parent=7849"}],"wp:term":[{"taxonomy":"category","embeddable":true,"href":"https:\/\/agora.xtec.cat\/ceip-santacreu-anglesola\/wp-json\/wp\/v2\/categories?post=7849"},{"taxonomy":"post_tag","embeddable":true,"href":"https:\/\/agora.xtec.cat\/ceip-santacreu-anglesola\/wp-json\/wp\/v2\/tags?post=7849"}],"curies":[{"name":"wp","href":"https:\/\/api.w.org\/{rel}","templated":true}]}}