{"id":7844,"date":"2025-05-12T14:11:32","date_gmt":"2025-05-12T12:11:32","guid":{"rendered":"https:\/\/agora.xtec.cat\/ceip-santacreu-anglesola\/?p=7844"},"modified":"2025-05-12T14:11:32","modified_gmt":"2025-05-12T12:11:32","slug":"activitats-a-la-biblioteca-germanes-guell-de-tarrega","status":"publish","type":"post","link":"https:\/\/agora.xtec.cat\/ceip-santacreu-anglesola\/portada\/activitats-a-la-biblioteca-germanes-guell-de-tarrega\/","title":{"rendered":"Activitats a la Biblioteca Germanes G\u00fcell de T\u00e0rrega"},"content":{"rendered":"<p>Aquest mes de maig hi ha programades dos activitats per infants a la Biblioteca de T\u00e0rrega:<\/p>\n<p><strong>L\u2019Hora del Conte: El secret de la detectiva Klaus, a c\u00e0rrec d\u2019Engruna Teatre<\/strong><br \/>\n<strong>A 2\/4 de 12 del mat\u00ed,<em>\u00a0a la\u00a0Biblioteca P\u00fablica de T\u00e0rrega \u2013 Germanes G\u00fcell<\/em><\/strong><br \/>\nActivitat familiar i gratu\u00efta per a infants a partir de 3 anys.<br \/>\nReserva de places al 973 500 428.<\/p>\n<p><img loading=\"lazy\" decoding=\"async\" class=\"x168nmei x13lgxp2 x5pf9jr xo71vjh x1bwycvy x193iq5w x4fas0m x19kjcj4\" src=\"https:\/\/scontent-bcn1-1.xx.fbcdn.net\/v\/t39.30808-6\/496323312_1130815779085004_3948667242829704324_n.jpg?_nc_cat=106&amp;ccb=1-7&amp;_nc_sid=127cfc&amp;_nc_ohc=RCrsgjcaEAYQ7kNvwHdEGo_&amp;_nc_oc=AdmbAKVtfuYQ-5tTLPecE2t6JCd1-Ysc7Pjf2f3MuYAmQYECa4D3hrb8eL23YVt7GAY&amp;_nc_zt=23&amp;_nc_ht=scontent-bcn1-1.xx&amp;_nc_gid=ZKNsiPL9y4jVvIt6r6d2rQ&amp;oh=00_AfIEVTD5UFphnkB56r4wyyzeOmJNPAF_9aeI8amO3CJ8uw&amp;oe=68279E2C\" alt=\"Puede ser una imagen de una persona y texto que dice &quot;Hoa del conTe a la BiBlioteca EL SECRET DE DELA LA DETECTIVA KLAUS a c\u00e0rrec d'Engruna Teatre Dissabte 17 de maig \u03b1 ales 11.30h Sala d'actes de I Biblioteca P\u00fablica de T\u00e0rrega Germanes G\u00fcell \uff11\u7530 Activitat adre\u00e7ada \u03b1 infants \u03b1 partir de anys Cal reserva pr\u00e8via al tel\u00e8fon 973 500 428 Ajuntament de T\u00e0rrega BIBLIOTECA P\u00daBLICA DE T\u00c0RREGA -44\u1019\u1019\u1015\u102b\u1038 \u1019\u1004\u103a PEE&quot;\" width=\"226\" height=\"283\" data-visualcompletion=\"media-vc-image\" \/><\/p>\n<p><strong>Laboratori de lectura, per a infants a partir de 6 anys:<\/strong><\/p>\n<p><img loading=\"lazy\" decoding=\"async\" class=\"x168nmei x13lgxp2 x5pf9jr xo71vjh x1bwycvy x193iq5w x4fas0m x19kjcj4\" src=\"https:\/\/scontent-bcn1-1.xx.fbcdn.net\/v\/t39.30808-6\/495178626_1131389105694338_8469281438213199154_n.jpg?_nc_cat=103&amp;ccb=1-7&amp;_nc_sid=127cfc&amp;_nc_ohc=G7KqU6vyDjUQ7kNvwEVUBe-&amp;_nc_oc=Adl6xl-qpzD73QYHKaLG-Ay-hLA0qG8ip6CSHjkz_9PpDEj7zl4OA04Z9_gVXM7x3E8&amp;_nc_zt=23&amp;_nc_ht=scontent-bcn1-1.xx&amp;_nc_gid=31euO6OPgVvawnFVz7DfGg&amp;oh=00_AfKPX3nJhb5LIYR2IROS8IWcF3IbhIMKBrXePgreSJy3AQ&amp;oe=6827AA36\" alt=\"May be a graphic of \u200etext que diu '\u200eDISSABTES A LA BIBLIOTECA Sala actes de la biblioteca, a les 11.30h 24 MAIG LABORATORI DE LECTURA Expedient panxa plena: el cas del Ilop ferotge, a c\u00e0rrec de Montse Figueras Convertiu-vos en investigadors ajudeu-nos resoldre aquest cas en fam\u00edlia! Activitat adre\u00e7ada a families amb infants partir de anys. Aforament limitat. Cal reserva pr\u00e8via al tel\u00e8fon de la la biblioteca 973 500 428 Ajuntament de Tarrega BIBLIOTECA \u0633\u0646\u0627 P\u00daBLICADE TARREGA \u0cae\u0c95\u0cbe\u0cbe\u0cae\u0ccd\u0cbe\u0ca8\u0cbe Biblioteques Publigues de Catalunya\u200e'\u200e\" width=\"249\" height=\"312\" data-visualcompletion=\"media-vc-image\" \/><\/p>\n","protected":false},"excerpt":{"rendered":"<p>Aquest mes de maig hi ha programades dos activitats per infants a la Biblioteca de T\u00e0rrega:<br \/>\nL\u2019Hora del Conte: El secret de la detectiva Klaus, a c\u00e0rrec d\u2019Engruna Teatre<br \/>\nA 2\/4 de 12 del mat\u00ed,\u00a0a la\u00a0Biblioteca P\u00fablica de T\u00e0rrega \u2013 Germanes G\u00fcell<br \/>\nActivitat familiar i gratu\u00efta per a&hellip;  <a href=\"https:\/\/agora.xtec.cat\/ceip-santacreu-anglesola\/portada\/activitats-a-la-biblioteca-germanes-guell-de-tarrega\/\" title=\"Read Activitats a la Biblioteca Germanes G\u00fcell de T\u00e0rrega\">Llegeix m\u00e9s\u00bb<\/a><\/p>\n","protected":false},"author":3,"featured_media":0,"comment_status":"open","ping_status":"closed","sticky":false,"template":"","format":"standard","meta":{"_bbp_topic_count":0,"_bbp_reply_count":0,"_bbp_total_topic_count":0,"_bbp_total_reply_count":0,"_bbp_voice_count":0,"_bbp_anonymous_reply_count":0,"_bbp_topic_count_hidden":0,"_bbp_reply_count_hidden":0,"_bbp_forum_subforum_count":0,"footnotes":""},"categories":[4,65],"tags":[],"class_list":["post-7844","post","type-post","status-publish","format-standard","hentry","category-portada","category-suggeriments"],"post_mailing_queue_ids":[],"_links":{"self":[{"href":"https:\/\/agora.xtec.cat\/ceip-santacreu-anglesola\/wp-json\/wp\/v2\/posts\/7844","targetHints":{"allow":["GET"]}}],"collection":[{"href":"https:\/\/agora.xtec.cat\/ceip-santacreu-anglesola\/wp-json\/wp\/v2\/posts"}],"about":[{"href":"https:\/\/agora.xtec.cat\/ceip-santacreu-anglesola\/wp-json\/wp\/v2\/types\/post"}],"author":[{"embeddable":true,"href":"https:\/\/agora.xtec.cat\/ceip-santacreu-anglesola\/wp-json\/wp\/v2\/users\/3"}],"replies":[{"embeddable":true,"href":"https:\/\/agora.xtec.cat\/ceip-santacreu-anglesola\/wp-json\/wp\/v2\/comments?post=7844"}],"version-history":[{"count":1,"href":"https:\/\/agora.xtec.cat\/ceip-santacreu-anglesola\/wp-json\/wp\/v2\/posts\/7844\/revisions"}],"predecessor-version":[{"id":7845,"href":"https:\/\/agora.xtec.cat\/ceip-santacreu-anglesola\/wp-json\/wp\/v2\/posts\/7844\/revisions\/7845"}],"wp:attachment":[{"href":"https:\/\/agora.xtec.cat\/ceip-santacreu-anglesola\/wp-json\/wp\/v2\/media?parent=7844"}],"wp:term":[{"taxonomy":"category","embeddable":true,"href":"https:\/\/agora.xtec.cat\/ceip-santacreu-anglesola\/wp-json\/wp\/v2\/categories?post=7844"},{"taxonomy":"post_tag","embeddable":true,"href":"https:\/\/agora.xtec.cat\/ceip-santacreu-anglesola\/wp-json\/wp\/v2\/tags?post=7844"}],"curies":[{"name":"wp","href":"https:\/\/api.w.org\/{rel}","templated":true}]}}