{"id":7836,"date":"2025-05-09T10:20:32","date_gmt":"2025-05-09T08:20:32","guid":{"rendered":"https:\/\/agora.xtec.cat\/ceip-santacreu-anglesola\/?p=7836"},"modified":"2025-05-09T10:20:32","modified_gmt":"2025-05-09T08:20:32","slug":"mobiliari-nou-per-lescola","status":"publish","type":"post","link":"https:\/\/agora.xtec.cat\/ceip-santacreu-anglesola\/portada\/mobiliari-nou-per-lescola\/","title":{"rendered":"Mobiliari nou per l&#8217;Escola."},"content":{"rendered":"<p>A nivell d&#8217;escola vam detectar necessitats de mobiliari en diferents espais de l&#8217;escola, \u00e9s per aix\u00f2, que vam demanar ajuda a l&#8217;AMPA per si ens els podien ajudar a comprar-lo.<br \/>\nAquest mes de maig ha arribat tot el mobiliari, i\u00a0 ahir al vespre, pares i mares voluntaris han fet el muntatge dels mobles.<br \/>\nDes de l&#8217;Escola estem molt agra\u00efts a l&#8217;AMPA per fer la compra.<br \/>\nTamb\u00e9 el nostre agra\u00efment a les fam\u00edlies volunt\u00e0ries que han dedicat unes hores del seu temps a fer-ne el muntatge.<\/p>\n<p>Moltes gr\u00e0cies!<br \/>\nEntre tots fem ESCOLA.<\/p>\n<p><a href=\"https:\/\/agora.xtec.cat\/ceip-santacreu-anglesola\/wp-content\/uploads\/usu483\/2025\/05\/WhatsApp-Image-2025-05-09-at-10.04.41-2.jpeg\"><img loading=\"lazy\" decoding=\"async\" class=\"alignnone size-medium wp-image-7837\" src=\"https:\/\/agora.xtec.cat\/ceip-santacreu-anglesola\/wp-content\/uploads\/usu483\/2025\/05\/WhatsApp-Image-2025-05-09-at-10.04.41-2-300x225.jpeg\" alt=\"\" width=\"300\" height=\"225\" srcset=\"https:\/\/agora.xtec.cat\/ceip-santacreu-anglesola\/wp-content\/uploads\/usu483\/2025\/05\/WhatsApp-Image-2025-05-09-at-10.04.41-2-300x225.jpeg 300w, https:\/\/agora.xtec.cat\/ceip-santacreu-anglesola\/wp-content\/uploads\/usu483\/2025\/05\/WhatsApp-Image-2025-05-09-at-10.04.41-2-1024x768.jpeg 1024w, https:\/\/agora.xtec.cat\/ceip-santacreu-anglesola\/wp-content\/uploads\/usu483\/2025\/05\/WhatsApp-Image-2025-05-09-at-10.04.41-2-768x576.jpeg 768w, https:\/\/agora.xtec.cat\/ceip-santacreu-anglesola\/wp-content\/uploads\/usu483\/2025\/05\/WhatsApp-Image-2025-05-09-at-10.04.41-2-1536x1152.jpeg 1536w, https:\/\/agora.xtec.cat\/ceip-santacreu-anglesola\/wp-content\/uploads\/usu483\/2025\/05\/WhatsApp-Image-2025-05-09-at-10.04.41-2-200x150.jpeg 200w, https:\/\/agora.xtec.cat\/ceip-santacreu-anglesola\/wp-content\/uploads\/usu483\/2025\/05\/WhatsApp-Image-2025-05-09-at-10.04.41-2.jpeg 1600w\" sizes=\"auto, (max-width: 300px) 100vw, 300px\" \/><\/a> <a href=\"https:\/\/agora.xtec.cat\/ceip-santacreu-anglesola\/wp-content\/uploads\/usu483\/2025\/05\/WhatsApp-Image-2025-05-09-at-10.04.41-1.jpeg\"><img loading=\"lazy\" decoding=\"async\" class=\"alignnone size-medium wp-image-7838\" src=\"https:\/\/agora.xtec.cat\/ceip-santacreu-anglesola\/wp-content\/uploads\/usu483\/2025\/05\/WhatsApp-Image-2025-05-09-at-10.04.41-1-300x225.jpeg\" alt=\"\" width=\"300\" height=\"225\" srcset=\"https:\/\/agora.xtec.cat\/ceip-santacreu-anglesola\/wp-content\/uploads\/usu483\/2025\/05\/WhatsApp-Image-2025-05-09-at-10.04.41-1-300x225.jpeg 300w, https:\/\/agora.xtec.cat\/ceip-santacreu-anglesola\/wp-content\/uploads\/usu483\/2025\/05\/WhatsApp-Image-2025-05-09-at-10.04.41-1-1024x768.jpeg 1024w, https:\/\/agora.xtec.cat\/ceip-santacreu-anglesola\/wp-content\/uploads\/usu483\/2025\/05\/WhatsApp-Image-2025-05-09-at-10.04.41-1-768x576.jpeg 768w, https:\/\/agora.xtec.cat\/ceip-santacreu-anglesola\/wp-content\/uploads\/usu483\/2025\/05\/WhatsApp-Image-2025-05-09-at-10.04.41-1-1536x1152.jpeg 1536w, https:\/\/agora.xtec.cat\/ceip-santacreu-anglesola\/wp-content\/uploads\/usu483\/2025\/05\/WhatsApp-Image-2025-05-09-at-10.04.41-1-200x150.jpeg 200w, https:\/\/agora.xtec.cat\/ceip-santacreu-anglesola\/wp-content\/uploads\/usu483\/2025\/05\/WhatsApp-Image-2025-05-09-at-10.04.41-1.jpeg 1600w\" sizes=\"auto, (max-width: 300px) 100vw, 300px\" \/><\/a> <a href=\"https:\/\/agora.xtec.cat\/ceip-santacreu-anglesola\/wp-content\/uploads\/usu483\/2025\/05\/WhatsApp-Image-2025-05-09-at-10.04.41.jpeg\"><img loading=\"lazy\" decoding=\"async\" class=\"size-medium wp-image-7839 aligncenter\" src=\"https:\/\/agora.xtec.cat\/ceip-santacreu-anglesola\/wp-content\/uploads\/usu483\/2025\/05\/WhatsApp-Image-2025-05-09-at-10.04.41-300x225.jpeg\" alt=\"\" width=\"300\" height=\"225\" srcset=\"https:\/\/agora.xtec.cat\/ceip-santacreu-anglesola\/wp-content\/uploads\/usu483\/2025\/05\/WhatsApp-Image-2025-05-09-at-10.04.41-300x225.jpeg 300w, https:\/\/agora.xtec.cat\/ceip-santacreu-anglesola\/wp-content\/uploads\/usu483\/2025\/05\/WhatsApp-Image-2025-05-09-at-10.04.41-1024x768.jpeg 1024w, https:\/\/agora.xtec.cat\/ceip-santacreu-anglesola\/wp-content\/uploads\/usu483\/2025\/05\/WhatsApp-Image-2025-05-09-at-10.04.41-768x576.jpeg 768w, https:\/\/agora.xtec.cat\/ceip-santacreu-anglesola\/wp-content\/uploads\/usu483\/2025\/05\/WhatsApp-Image-2025-05-09-at-10.04.41-1536x1152.jpeg 1536w, https:\/\/agora.xtec.cat\/ceip-santacreu-anglesola\/wp-content\/uploads\/usu483\/2025\/05\/WhatsApp-Image-2025-05-09-at-10.04.41-200x150.jpeg 200w, https:\/\/agora.xtec.cat\/ceip-santacreu-anglesola\/wp-content\/uploads\/usu483\/2025\/05\/WhatsApp-Image-2025-05-09-at-10.04.41.jpeg 1600w\" sizes=\"auto, (max-width: 300px) 100vw, 300px\" \/><\/a><\/p>\n","protected":false},"excerpt":{"rendered":"<p>A nivell d&#8217;escola vam detectar necessitats de mobiliari en diferents espais de l&#8217;escola, \u00e9s per aix\u00f2, que vam demanar ajuda a l&#8217;AMPA per si ens els podien ajudar a comprar-lo.<br \/>\nAquest mes de maig ha arribat tot el mobiliari, i\u00a0 ahir al vespre, pares i mares&hellip;  <a href=\"https:\/\/agora.xtec.cat\/ceip-santacreu-anglesola\/portada\/mobiliari-nou-per-lescola\/\" title=\"Read Mobiliari nou per l&#8217;Escola.\">Llegeix m\u00e9s\u00bb<\/a><\/p>\n","protected":false},"author":1,"featured_media":0,"comment_status":"open","ping_status":"closed","sticky":false,"template":"","format":"standard","meta":{"_bbp_topic_count":0,"_bbp_reply_count":0,"_bbp_total_topic_count":0,"_bbp_total_reply_count":0,"_bbp_voice_count":0,"_bbp_anonymous_reply_count":0,"_bbp_topic_count_hidden":0,"_bbp_reply_count_hidden":0,"_bbp_forum_subforum_count":0,"footnotes":""},"categories":[4],"tags":[],"class_list":["post-7836","post","type-post","status-publish","format-standard","hentry","category-portada"],"post_mailing_queue_ids":[],"_links":{"self":[{"href":"https:\/\/agora.xtec.cat\/ceip-santacreu-anglesola\/wp-json\/wp\/v2\/posts\/7836","targetHints":{"allow":["GET"]}}],"collection":[{"href":"https:\/\/agora.xtec.cat\/ceip-santacreu-anglesola\/wp-json\/wp\/v2\/posts"}],"about":[{"href":"https:\/\/agora.xtec.cat\/ceip-santacreu-anglesola\/wp-json\/wp\/v2\/types\/post"}],"author":[{"embeddable":true,"href":"https:\/\/agora.xtec.cat\/ceip-santacreu-anglesola\/wp-json\/wp\/v2\/users\/1"}],"replies":[{"embeddable":true,"href":"https:\/\/agora.xtec.cat\/ceip-santacreu-anglesola\/wp-json\/wp\/v2\/comments?post=7836"}],"version-history":[{"count":1,"href":"https:\/\/agora.xtec.cat\/ceip-santacreu-anglesola\/wp-json\/wp\/v2\/posts\/7836\/revisions"}],"predecessor-version":[{"id":7840,"href":"https:\/\/agora.xtec.cat\/ceip-santacreu-anglesola\/wp-json\/wp\/v2\/posts\/7836\/revisions\/7840"}],"wp:attachment":[{"href":"https:\/\/agora.xtec.cat\/ceip-santacreu-anglesola\/wp-json\/wp\/v2\/media?parent=7836"}],"wp:term":[{"taxonomy":"category","embeddable":true,"href":"https:\/\/agora.xtec.cat\/ceip-santacreu-anglesola\/wp-json\/wp\/v2\/categories?post=7836"},{"taxonomy":"post_tag","embeddable":true,"href":"https:\/\/agora.xtec.cat\/ceip-santacreu-anglesola\/wp-json\/wp\/v2\/tags?post=7836"}],"curies":[{"name":"wp","href":"https:\/\/api.w.org\/{rel}","templated":true}]}}