{"id":7828,"date":"2025-05-09T13:41:30","date_gmt":"2025-05-09T11:41:30","guid":{"rendered":"https:\/\/agora.xtec.cat\/ceip-santacreu-anglesola\/?p=7828"},"modified":"2025-05-12T19:57:56","modified_gmt":"2025-05-12T17:57:56","slug":"sortida-a-la-bonarea-cicle-superior","status":"publish","type":"post","link":"https:\/\/agora.xtec.cat\/ceip-santacreu-anglesola\/general\/sortida-a-la-bonarea-cicle-superior\/","title":{"rendered":"SORTIDA A LA BON\u00c0REA, CICLE SUPERIOR"},"content":{"rendered":"<p class=\"\" data-start=\"118\" data-end=\"313\">Ahir, dimecres, l&#8217;alumnat de 5\u00e8 i 6\u00e8 vam fer una sortida molt especial a Guissona, on vam visitar les instal\u00b7lacions del Bon\u00c0rea i altres espais emblem\u00e0tics del municipi.<\/p>\n<p class=\"\" data-start=\"315\" data-end=\"722\">La jornada va comen\u00e7ar amb una visita a la f\u00e0brica del Bon\u00c0rea, una empresa molt gran i moderna. Per moure&#8217;ns entre les diferents seccions, vam pujar a un trenet que ens va portar per dins de les instal\u00b7lacions. Durant el recorregut, vam poder veure com s&#8217;organitza la producci\u00f3 i ens van fer explicacions molt interessants sobre el funcionament de la f\u00e0brica i els diferents processos que s&#8217;hi duen a terme.<\/p>\n<p class=\"\" data-start=\"724\" data-end=\"977\">Despr\u00e9s, vam visitar l\u2019espai exterior del Museu de Guissona, on vam descobrir restes arqueol\u00f2giques d\u2019\u00e8poca romana. I tamb\u00e9 vam fer una passejada pel casc antic, on vam visitar l&#8217;espai dels safareigs, un lloc hist\u00f2ric on antigament la gent rentava la roba.<\/p>\n<p class=\"\" data-start=\"1110\" data-end=\"1381\">Per acabar el dia, vam anar a dinar al restaurant de la Cooperativa. All\u00e0 ens ho vam passar d\u2019all\u00f2 m\u00e9s b\u00e9, especialment perqu\u00e8 vam poder fer de xefs durant una estona! Despr\u00e9s de dinar, vam gaudir d\u2019un temps de joc i descans al parc exterior abans de tornar cap a casa.<\/p>\n<p class=\"\" data-start=\"1383\" data-end=\"1461\">Va ser una sortida divertida i educativa, plena de descobertes i bons moments!<\/p>\n<p class=\"\" data-start=\"1463\" data-end=\"1560\"><strong data-start=\"1463\" data-end=\"1560\">Donem les gr\u00e0cies a la Cooperativa de Guissona d\u2019Anglesola per facilitar-nos aquesta sortida.<\/strong><\/p>\n<p data-start=\"1463\" data-end=\"1560\">Per veure les fotos clica a la seg\u00fcent imatge:<\/p>\n<p data-start=\"1463\" data-end=\"1560\"><a href=\"https:\/\/agora.xtec.cat\/ceip-santacreu-anglesola\/?p=7832&amp;preview=true\" target=\"_blank\" rel=\"noopener\"><img loading=\"lazy\" decoding=\"async\" class=\"alignnone\" src=\"https:\/\/cwp.cat\/wp-content\/uploads\/2024\/02\/Bonarea.jpg\" alt=\"\" width=\"227\" height=\"107\" \/><\/a><\/p>\n","protected":false},"excerpt":{"rendered":"<p>Ahir, dimecres, l&#8217;alumnat de 5\u00e8 i 6\u00e8 vam fer una sortida molt especial a Guissona, on vam visitar les instal\u00b7lacions del Bon\u00c0rea i altres espais emblem\u00e0tics del municipi.<br \/>\nLa jornada va comen\u00e7ar amb una visita a la f\u00e0brica del Bon\u00c0rea, una empresa molt gran i moderna.&hellip;  <a href=\"https:\/\/agora.xtec.cat\/ceip-santacreu-anglesola\/general\/sortida-a-la-bonarea-cicle-superior\/\" title=\"Read SORTIDA A LA BON\u00c0REA, CICLE SUPERIOR\">Llegeix m\u00e9s\u00bb<\/a><\/p>\n","protected":false},"author":1,"featured_media":7829,"comment_status":"closed","ping_status":"closed","sticky":false,"template":"","format":"standard","meta":{"_bbp_topic_count":0,"_bbp_reply_count":0,"_bbp_total_topic_count":0,"_bbp_total_reply_count":0,"_bbp_voice_count":0,"_bbp_anonymous_reply_count":0,"_bbp_topic_count_hidden":0,"_bbp_reply_count_hidden":0,"_bbp_forum_subforum_count":0,"footnotes":""},"categories":[1,4],"tags":[],"class_list":["post-7828","post","type-post","status-publish","format-standard","has-post-thumbnail","hentry","category-general","category-portada"],"post_mailing_queue_ids":[],"_links":{"self":[{"href":"https:\/\/agora.xtec.cat\/ceip-santacreu-anglesola\/wp-json\/wp\/v2\/posts\/7828","targetHints":{"allow":["GET"]}}],"collection":[{"href":"https:\/\/agora.xtec.cat\/ceip-santacreu-anglesola\/wp-json\/wp\/v2\/posts"}],"about":[{"href":"https:\/\/agora.xtec.cat\/ceip-santacreu-anglesola\/wp-json\/wp\/v2\/types\/post"}],"author":[{"embeddable":true,"href":"https:\/\/agora.xtec.cat\/ceip-santacreu-anglesola\/wp-json\/wp\/v2\/users\/1"}],"replies":[{"embeddable":true,"href":"https:\/\/agora.xtec.cat\/ceip-santacreu-anglesola\/wp-json\/wp\/v2\/comments?post=7828"}],"version-history":[{"count":4,"href":"https:\/\/agora.xtec.cat\/ceip-santacreu-anglesola\/wp-json\/wp\/v2\/posts\/7828\/revisions"}],"predecessor-version":[{"id":7847,"href":"https:\/\/agora.xtec.cat\/ceip-santacreu-anglesola\/wp-json\/wp\/v2\/posts\/7828\/revisions\/7847"}],"wp:featuredmedia":[{"embeddable":true,"href":"https:\/\/agora.xtec.cat\/ceip-santacreu-anglesola\/wp-json\/wp\/v2\/media\/7829"}],"wp:attachment":[{"href":"https:\/\/agora.xtec.cat\/ceip-santacreu-anglesola\/wp-json\/wp\/v2\/media?parent=7828"}],"wp:term":[{"taxonomy":"category","embeddable":true,"href":"https:\/\/agora.xtec.cat\/ceip-santacreu-anglesola\/wp-json\/wp\/v2\/categories?post=7828"},{"taxonomy":"post_tag","embeddable":true,"href":"https:\/\/agora.xtec.cat\/ceip-santacreu-anglesola\/wp-json\/wp\/v2\/tags?post=7828"}],"curies":[{"name":"wp","href":"https:\/\/api.w.org\/{rel}","templated":true}]}}