{"id":7824,"date":"2025-05-06T09:31:45","date_gmt":"2025-05-06T07:31:45","guid":{"rendered":"https:\/\/agora.xtec.cat\/ceip-santacreu-anglesola\/?p=7824"},"modified":"2025-05-06T09:33:43","modified_gmt":"2025-05-06T07:33:43","slug":"pindoles-educatives","status":"publish","type":"post","link":"https:\/\/agora.xtec.cat\/ceip-santacreu-anglesola\/portada\/pindoles-educatives\/","title":{"rendered":"P\u00cdNDOLES EDUCATIVES"},"content":{"rendered":"<p>Fam\u00edlies,<\/p>\n<p>Aquest mes de maig us proposem la lectura de tres articles que considerem que us poden ajudar en la vostra tasca educativa que, juntament amb l&#8217;escola, som els pals de paller en la formaci\u00f3 dels nostres infants.<\/p>\n<p>El primer article, ens introdueix el concepte &#8220;brainrot digital&#8221;, sobre les nefastes conseq\u00fc\u00e8ncies produ\u00efdes per l&#8217;ab\u00fas descontrolat de les pantalles.<\/p>\n<p><strong><a href=\"https:\/\/www.elconfidencial.com\/alma-corazon-vida\/2025-04-29\/catherine-doctora-educacion-brainrot-digital_4118574\/\" target=\"_blank\" rel=\"noopener\">ARTICLE 1<\/a><\/strong><\/p>\n<p>El segon article ens proposa fer un dejuni digital durant les vacances. Us convidem a provar-ho.<\/p>\n<p><strong><a href=\"https:\/\/somconnexio.coop\/us-responsable-internet\/aquestes-vacances-desconnectat-del-mobil-2\/?utm_source=infoeduca&amp;utm_medium=email&amp;utm_campaign=25abrilinfoeduca&amp;utm_content=article\" target=\"_blank\" rel=\"noopener\">ARTICLE 2<\/a><\/strong><\/p>\n<p>Finalment, el tercer article ens parla de la import\u00e0ncia que fam\u00edlia i escola remin en la mateixa direcci\u00f3 ja que els grans beneficiats d&#8217;aquesta col\u00b7laboraci\u00f3 seran els infants.<\/p>\n<p><img loading=\"lazy\" decoding=\"async\" class=\"aligncenter size-large wp-image-7825\" src=\"https:\/\/agora.xtec.cat\/ceip-santacreu-anglesola\/wp-content\/uploads\/usu483\/2025\/05\/IMG-20250409-WA0026-1024x943.jpg\" alt=\"\" width=\"1024\" height=\"943\" srcset=\"https:\/\/agora.xtec.cat\/ceip-santacreu-anglesola\/wp-content\/uploads\/usu483\/2025\/05\/IMG-20250409-WA0026-1024x943.jpg 1024w, https:\/\/agora.xtec.cat\/ceip-santacreu-anglesola\/wp-content\/uploads\/usu483\/2025\/05\/IMG-20250409-WA0026-300x276.jpg 300w, https:\/\/agora.xtec.cat\/ceip-santacreu-anglesola\/wp-content\/uploads\/usu483\/2025\/05\/IMG-20250409-WA0026-768x707.jpg 768w, https:\/\/agora.xtec.cat\/ceip-santacreu-anglesola\/wp-content\/uploads\/usu483\/2025\/05\/IMG-20250409-WA0026.jpg 1170w\" sizes=\"auto, (max-width: 1024px) 100vw, 1024px\" \/><\/p>\n<p>Amb aquests tres articles donem per finalitzada la secci\u00f3 d&#8217;articles d&#8217;inter\u00e8s d&#8217;aquest curs 24-25.<\/p>\n<p>Bona lectura<\/p>\n<p>&nbsp;<\/p>\n","protected":false},"excerpt":{"rendered":"<p>Fam\u00edlies,<br \/>\nAquest mes de maig us proposem la lectura de tres articles que considerem que us poden ajudar en la vostra tasca educativa que, juntament amb l&#8217;escola, som els pals de paller en la formaci\u00f3 dels nostres infants.<br \/>\nEl primer article, ens introdueix el concepte &#8220;brainrot digital&#8221;,&hellip;  <a href=\"https:\/\/agora.xtec.cat\/ceip-santacreu-anglesola\/portada\/pindoles-educatives\/\" title=\"Read P\u00cdNDOLES EDUCATIVES\">Llegeix m\u00e9s\u00bb<\/a><\/p>\n","protected":false},"author":11,"featured_media":0,"comment_status":"open","ping_status":"closed","sticky":false,"template":"","format":"standard","meta":{"_bbp_topic_count":0,"_bbp_reply_count":0,"_bbp_total_topic_count":0,"_bbp_total_reply_count":0,"_bbp_voice_count":0,"_bbp_anonymous_reply_count":0,"_bbp_topic_count_hidden":0,"_bbp_reply_count_hidden":0,"_bbp_forum_subforum_count":0,"footnotes":""},"categories":[54,4],"tags":[],"class_list":["post-7824","post","type-post","status-publish","format-standard","hentry","category-articles","category-portada"],"post_mailing_queue_ids":[],"_links":{"self":[{"href":"https:\/\/agora.xtec.cat\/ceip-santacreu-anglesola\/wp-json\/wp\/v2\/posts\/7824","targetHints":{"allow":["GET"]}}],"collection":[{"href":"https:\/\/agora.xtec.cat\/ceip-santacreu-anglesola\/wp-json\/wp\/v2\/posts"}],"about":[{"href":"https:\/\/agora.xtec.cat\/ceip-santacreu-anglesola\/wp-json\/wp\/v2\/types\/post"}],"author":[{"embeddable":true,"href":"https:\/\/agora.xtec.cat\/ceip-santacreu-anglesola\/wp-json\/wp\/v2\/users\/11"}],"replies":[{"embeddable":true,"href":"https:\/\/agora.xtec.cat\/ceip-santacreu-anglesola\/wp-json\/wp\/v2\/comments?post=7824"}],"version-history":[{"count":2,"href":"https:\/\/agora.xtec.cat\/ceip-santacreu-anglesola\/wp-json\/wp\/v2\/posts\/7824\/revisions"}],"predecessor-version":[{"id":7827,"href":"https:\/\/agora.xtec.cat\/ceip-santacreu-anglesola\/wp-json\/wp\/v2\/posts\/7824\/revisions\/7827"}],"wp:attachment":[{"href":"https:\/\/agora.xtec.cat\/ceip-santacreu-anglesola\/wp-json\/wp\/v2\/media?parent=7824"}],"wp:term":[{"taxonomy":"category","embeddable":true,"href":"https:\/\/agora.xtec.cat\/ceip-santacreu-anglesola\/wp-json\/wp\/v2\/categories?post=7824"},{"taxonomy":"post_tag","embeddable":true,"href":"https:\/\/agora.xtec.cat\/ceip-santacreu-anglesola\/wp-json\/wp\/v2\/tags?post=7824"}],"curies":[{"name":"wp","href":"https:\/\/api.w.org\/{rel}","templated":true}]}}