{"id":7777,"date":"2025-04-30T09:59:03","date_gmt":"2025-04-30T07:59:03","guid":{"rendered":"https:\/\/agora.xtec.cat\/ceip-santacreu-anglesola\/?p=7777"},"modified":"2025-04-30T10:37:16","modified_gmt":"2025-04-30T08:37:16","slug":"sant-jordi-3","status":"publish","type":"post","link":"https:\/\/agora.xtec.cat\/ceip-santacreu-anglesola\/general\/sant-jordi-3\/","title":{"rendered":"SANT JORDI"},"content":{"rendered":"<p>Ahir, 23 d\u2019abril, vam celebrar Sant Jordi a l\u2019escola amb una jornada plena d\u2019activitats diverses i engrescadores.\u00a0 Durant el mat\u00ed, l\u2019alumnat de prim\u00e0ria va compartir les seves recomanacions de llibres de lectura i va gaudir de quatre jocs de llengua molt divertits. A infantil, els m\u00e9s petits van fer manualitats, van crear una auca i van gaudir de meravelloses explicacions de contes.<\/p>\n<p>A la tarda, tota l\u2019escola es va reunir al poliesportiu per celebrar els tradicionals Jocs Florals. Cada classe havia preparat una actuaci\u00f3 \u2014ja fos una can\u00e7\u00f3, una poesia, una representaci\u00f3 teatral o un conte \u2013 per compartir amb els seus companys i companyes.<\/p>\n<p>El nostre <span style=\"color: #339966;\">agra\u00efment a l&#8217;AMPA<\/span> que ens va regalar un llibre per cada classe!<\/p>\n<p>Va ser un dia molt din\u00e0mic, participatiu i ple de diversi\u00f3, on vam gaudir de la literatura, l\u2019art i la creativitat de forma molt especial!<\/p>\n<p>Clica a la seg\u00fcent imatge per a veure les fotografies i els v\u00eddeos:<\/p>\n<p><a href=\"https:\/\/agora.xtec.cat\/ceip-santacreu-anglesola\/?p=7778&amp;preview=true\" target=\"_blank\" rel=\"noopener\"><img loading=\"lazy\" decoding=\"async\" class=\"alignnone\" src=\"https:\/\/encrypted-tbn0.gstatic.com\/images?q=tbn:ANd9GcR1jU_6Rwb1paPtFQJPt_Q9AOeOfiTSd7eEiQ&amp;s\" alt=\"\" width=\"300\" height=\"168\" \/><\/a><\/p>\n<p>&nbsp;<\/p>\n<p>&nbsp;<\/p>\n","protected":false},"excerpt":{"rendered":"<p>Ahir, 23 d\u2019abril, vam celebrar Sant Jordi a l\u2019escola amb una jornada plena d\u2019activitats diverses i engrescadores.\u00a0 Durant el mat\u00ed, l\u2019alumnat de prim\u00e0ria va compartir les seves recomanacions de llibres de lectura i va gaudir de quatre jocs de llengua molt divertits. A infantil, els&hellip;  <a href=\"https:\/\/agora.xtec.cat\/ceip-santacreu-anglesola\/general\/sant-jordi-3\/\" title=\"Read SANT JORDI\">Llegeix m\u00e9s\u00bb<\/a><\/p>\n","protected":false},"author":1,"featured_media":7780,"comment_status":"closed","ping_status":"closed","sticky":false,"template":"","format":"standard","meta":{"_bbp_topic_count":0,"_bbp_reply_count":0,"_bbp_total_topic_count":0,"_bbp_total_reply_count":0,"_bbp_voice_count":0,"_bbp_anonymous_reply_count":0,"_bbp_topic_count_hidden":0,"_bbp_reply_count_hidden":0,"_bbp_forum_subforum_count":0,"footnotes":""},"categories":[1,4],"tags":[],"class_list":["post-7777","post","type-post","status-publish","format-standard","has-post-thumbnail","hentry","category-general","category-portada"],"post_mailing_queue_ids":[],"_links":{"self":[{"href":"https:\/\/agora.xtec.cat\/ceip-santacreu-anglesola\/wp-json\/wp\/v2\/posts\/7777","targetHints":{"allow":["GET"]}}],"collection":[{"href":"https:\/\/agora.xtec.cat\/ceip-santacreu-anglesola\/wp-json\/wp\/v2\/posts"}],"about":[{"href":"https:\/\/agora.xtec.cat\/ceip-santacreu-anglesola\/wp-json\/wp\/v2\/types\/post"}],"author":[{"embeddable":true,"href":"https:\/\/agora.xtec.cat\/ceip-santacreu-anglesola\/wp-json\/wp\/v2\/users\/1"}],"replies":[{"embeddable":true,"href":"https:\/\/agora.xtec.cat\/ceip-santacreu-anglesola\/wp-json\/wp\/v2\/comments?post=7777"}],"version-history":[{"count":3,"href":"https:\/\/agora.xtec.cat\/ceip-santacreu-anglesola\/wp-json\/wp\/v2\/posts\/7777\/revisions"}],"predecessor-version":[{"id":7819,"href":"https:\/\/agora.xtec.cat\/ceip-santacreu-anglesola\/wp-json\/wp\/v2\/posts\/7777\/revisions\/7819"}],"wp:featuredmedia":[{"embeddable":true,"href":"https:\/\/agora.xtec.cat\/ceip-santacreu-anglesola\/wp-json\/wp\/v2\/media\/7780"}],"wp:attachment":[{"href":"https:\/\/agora.xtec.cat\/ceip-santacreu-anglesola\/wp-json\/wp\/v2\/media?parent=7777"}],"wp:term":[{"taxonomy":"category","embeddable":true,"href":"https:\/\/agora.xtec.cat\/ceip-santacreu-anglesola\/wp-json\/wp\/v2\/categories?post=7777"},{"taxonomy":"post_tag","embeddable":true,"href":"https:\/\/agora.xtec.cat\/ceip-santacreu-anglesola\/wp-json\/wp\/v2\/tags?post=7777"}],"curies":[{"name":"wp","href":"https:\/\/api.w.org\/{rel}","templated":true}]}}