{"id":7772,"date":"2025-04-15T14:19:13","date_gmt":"2025-04-15T12:19:13","guid":{"rendered":"https:\/\/agora.xtec.cat\/ceip-santacreu-anglesola\/?p=7772"},"modified":"2025-04-15T14:19:13","modified_gmt":"2025-04-15T12:19:13","slug":"tarda-de-la-mona","status":"publish","type":"post","link":"https:\/\/agora.xtec.cat\/ceip-santacreu-anglesola\/general\/tarda-de-la-mona\/","title":{"rendered":"Tarda de la Mona"},"content":{"rendered":"<p>El divendres 11 d&#8217;abril tota l&#8217;escola vam anar a menjar la mona al camp de futbol. Va ser una tarda fant\u00e0stica amb un temps espl\u00e8ndid. Ens ho vam passar molt b\u00e9. La tarda se&#8217;ns va fer curta! Ah! I la mona exquisida! Gr\u00e0cies AMPA!<\/p>\n<p><a href=\"https:\/\/agora.xtec.cat\/ceip-santacreu-anglesola\/?p=7773&amp;preview=true\"><img loading=\"lazy\" decoding=\"async\" class=\"alignnone\" src=\"https:\/\/external-content.duckduckgo.com\/iu\/?u=http%3A%2F%2F4.bp.blogspot.com%2F-c4O6ZDVgYHw%2FT3ViUx55bZI%2FAAAAAAAABrI%2FMEkwR4_WxeY%2Fs1600%2Fddddddddddddddd.JPG&amp;f=1&amp;nofb=1&amp;ipt=beb67ea5c3f3ac50ecd5c543cedb85bba940e001fbacc3a887e5b6d1b0d49428\" alt=\"&quot;EL CUC&quot; AULA D' ACOLLIDA: La mona de Pasqua\" width=\"233\" height=\"204\" \/><\/a><\/p>\n","protected":false},"excerpt":{"rendered":"<p>El divendres 11 d&#8217;abril tota l&#8217;escola vam anar a menjar la mona al camp de futbol. Va ser una tarda fant\u00e0stica amb un temps espl\u00e8ndid. Ens ho vam passar molt b\u00e9. La tarda se&#8217;ns va fer curta! Ah! I la mona exquisida! Gr\u00e0cies AMPA!<br \/>\n<a href=\"https:\/\/agora.xtec.cat\/ceip-santacreu-anglesola\/?p=7773&amp;preview=true\"><\/a><\/p>\n","protected":false},"author":3,"featured_media":0,"comment_status":"open","ping_status":"closed","sticky":false,"template":"","format":"standard","meta":{"_bbp_topic_count":0,"_bbp_reply_count":0,"_bbp_total_topic_count":0,"_bbp_total_reply_count":0,"_bbp_voice_count":0,"_bbp_anonymous_reply_count":0,"_bbp_topic_count_hidden":0,"_bbp_reply_count_hidden":0,"_bbp_forum_subforum_count":0,"footnotes":""},"categories":[1,4],"tags":[],"class_list":["post-7772","post","type-post","status-publish","format-standard","hentry","category-general","category-portada"],"post_mailing_queue_ids":[],"_links":{"self":[{"href":"https:\/\/agora.xtec.cat\/ceip-santacreu-anglesola\/wp-json\/wp\/v2\/posts\/7772","targetHints":{"allow":["GET"]}}],"collection":[{"href":"https:\/\/agora.xtec.cat\/ceip-santacreu-anglesola\/wp-json\/wp\/v2\/posts"}],"about":[{"href":"https:\/\/agora.xtec.cat\/ceip-santacreu-anglesola\/wp-json\/wp\/v2\/types\/post"}],"author":[{"embeddable":true,"href":"https:\/\/agora.xtec.cat\/ceip-santacreu-anglesola\/wp-json\/wp\/v2\/users\/3"}],"replies":[{"embeddable":true,"href":"https:\/\/agora.xtec.cat\/ceip-santacreu-anglesola\/wp-json\/wp\/v2\/comments?post=7772"}],"version-history":[{"count":1,"href":"https:\/\/agora.xtec.cat\/ceip-santacreu-anglesola\/wp-json\/wp\/v2\/posts\/7772\/revisions"}],"predecessor-version":[{"id":7774,"href":"https:\/\/agora.xtec.cat\/ceip-santacreu-anglesola\/wp-json\/wp\/v2\/posts\/7772\/revisions\/7774"}],"wp:attachment":[{"href":"https:\/\/agora.xtec.cat\/ceip-santacreu-anglesola\/wp-json\/wp\/v2\/media?parent=7772"}],"wp:term":[{"taxonomy":"category","embeddable":true,"href":"https:\/\/agora.xtec.cat\/ceip-santacreu-anglesola\/wp-json\/wp\/v2\/categories?post=7772"},{"taxonomy":"post_tag","embeddable":true,"href":"https:\/\/agora.xtec.cat\/ceip-santacreu-anglesola\/wp-json\/wp\/v2\/tags?post=7772"}],"curies":[{"name":"wp","href":"https:\/\/api.w.org\/{rel}","templated":true}]}}