{"id":7764,"date":"2025-04-15T14:03:21","date_gmt":"2025-04-15T12:03:21","guid":{"rendered":"https:\/\/agora.xtec.cat\/ceip-santacreu-anglesola\/?p=7764"},"modified":"2025-04-15T14:03:21","modified_gmt":"2025-04-15T12:03:21","slug":"contes-en-angles-a-i5","status":"publish","type":"post","link":"https:\/\/agora.xtec.cat\/ceip-santacreu-anglesola\/portada\/contes-en-angles-a-i5\/","title":{"rendered":"Contes en angl\u00e8s a I5"},"content":{"rendered":"<p>Durant el mes de mar\u00e7 l&#8217;alumnat de 6\u00e8 va tornar a preparar-se contes i activitats en angl\u00e8s per l&#8217;alumnat d&#8217;I5.<\/p>\n<p>Aquesta \u00e9s una activitat molt enriquidora. Per l&#8217;alumnat de 6\u00e8 \u00e9s una oportunitat de practicar l&#8217;angl\u00e8s oral d&#8217;una manera diferent alhora que reforcen el treball en grup amb tots els seus avantatges (aprenentatge entre iguals, cooperaci\u00f3, di\u00e0leg constructiu, presa de decisions) i estimulen la imaginaci\u00f3 a l&#8217;hora de pensar activitats. Per la quitxalla d&#8217;I5 \u00e9s un moment molt especial compartit amb els m\u00e9s grans de l&#8217;escola. Tamb\u00e9 \u00e9s molt enriquidora la coavaluaci\u00f3 entre els companys de classe i l&#8217;autoavaluaci\u00f3.<\/p>\n<p>Tant l&#8217;alumnat com el professorat valora molt positivament l&#8217;activitat.<\/p>\n<p><a href=\"https:\/\/agora.xtec.cat\/ceip-santacreu-anglesola\/?p=7767&amp;preview=true\"><img loading=\"lazy\" decoding=\"async\" class=\"alignnone\" src=\"https:\/\/www.shutterstock.com\/shutterstock\/photos\/89176078\/display_1500\/stock-photo-young-children-are-reading-a-great-book-drawing-banner-raster-version-89176078.jpg\" alt=\"Young children are reading a great book. drawing Banner. raster version\" width=\"197\" height=\"163\" \/><\/a><\/p>\n","protected":false},"excerpt":{"rendered":"<p>Durant el mes de mar\u00e7 l&#8217;alumnat de 6\u00e8 va tornar a preparar-se contes i activitats en angl\u00e8s per l&#8217;alumnat d&#8217;I5.<br \/>\nAquesta \u00e9s una activitat molt enriquidora. Per l&#8217;alumnat de 6\u00e8 \u00e9s una oportunitat de practicar l&#8217;angl\u00e8s oral d&#8217;una manera diferent alhora que reforcen el treball en&hellip;  <a href=\"https:\/\/agora.xtec.cat\/ceip-santacreu-anglesola\/portada\/contes-en-angles-a-i5\/\" title=\"Read Contes en angl\u00e8s a I5\">Llegeix m\u00e9s\u00bb<\/a><\/p>\n","protected":false},"author":3,"featured_media":0,"comment_status":"open","ping_status":"closed","sticky":false,"template":"","format":"standard","meta":{"_bbp_topic_count":0,"_bbp_reply_count":0,"_bbp_total_topic_count":0,"_bbp_total_reply_count":0,"_bbp_voice_count":0,"_bbp_anonymous_reply_count":0,"_bbp_topic_count_hidden":0,"_bbp_reply_count_hidden":0,"_bbp_forum_subforum_count":0,"footnotes":""},"categories":[15,9,4],"tags":[],"class_list":["post-7764","post","type-post","status-publish","format-standard","hentry","category-6e","category-p5","category-portada"],"post_mailing_queue_ids":[],"_links":{"self":[{"href":"https:\/\/agora.xtec.cat\/ceip-santacreu-anglesola\/wp-json\/wp\/v2\/posts\/7764","targetHints":{"allow":["GET"]}}],"collection":[{"href":"https:\/\/agora.xtec.cat\/ceip-santacreu-anglesola\/wp-json\/wp\/v2\/posts"}],"about":[{"href":"https:\/\/agora.xtec.cat\/ceip-santacreu-anglesola\/wp-json\/wp\/v2\/types\/post"}],"author":[{"embeddable":true,"href":"https:\/\/agora.xtec.cat\/ceip-santacreu-anglesola\/wp-json\/wp\/v2\/users\/3"}],"replies":[{"embeddable":true,"href":"https:\/\/agora.xtec.cat\/ceip-santacreu-anglesola\/wp-json\/wp\/v2\/comments?post=7764"}],"version-history":[{"count":3,"href":"https:\/\/agora.xtec.cat\/ceip-santacreu-anglesola\/wp-json\/wp\/v2\/posts\/7764\/revisions"}],"predecessor-version":[{"id":7769,"href":"https:\/\/agora.xtec.cat\/ceip-santacreu-anglesola\/wp-json\/wp\/v2\/posts\/7764\/revisions\/7769"}],"wp:attachment":[{"href":"https:\/\/agora.xtec.cat\/ceip-santacreu-anglesola\/wp-json\/wp\/v2\/media?parent=7764"}],"wp:term":[{"taxonomy":"category","embeddable":true,"href":"https:\/\/agora.xtec.cat\/ceip-santacreu-anglesola\/wp-json\/wp\/v2\/categories?post=7764"},{"taxonomy":"post_tag","embeddable":true,"href":"https:\/\/agora.xtec.cat\/ceip-santacreu-anglesola\/wp-json\/wp\/v2\/tags?post=7764"}],"curies":[{"name":"wp","href":"https:\/\/api.w.org\/{rel}","templated":true}]}}