{"id":7750,"date":"2025-04-10T15:33:26","date_gmt":"2025-04-10T13:33:26","guid":{"rendered":"https:\/\/agora.xtec.cat\/ceip-santacreu-anglesola\/?p=7750"},"modified":"2025-04-10T15:35:39","modified_gmt":"2025-04-10T13:35:39","slug":"dia-de-leducacio-fisica-al-carrer","status":"publish","type":"post","link":"https:\/\/agora.xtec.cat\/ceip-santacreu-anglesola\/portada\/dia-de-leducacio-fisica-al-carrer\/","title":{"rendered":"Dia de l&#8217;Educaci\u00f3 F\u00edsica al carrer."},"content":{"rendered":"<p>Avui dijous 10 d&#8217;abril celebrem a l&#8217;escola Santa Creu el <strong>Dia Internacional de l&#8217;Educaci\u00f3 F\u00edsica al Carrer<\/strong>. Els i les alumnes de 3r a 6\u00e8 han realitzat una sortida en bicicleta des de l&#8217;escola fins les Cases de Barbens, d&#8217;aquesta manera donem visibilitat a la import\u00e0ncia d&#8217;aprofitar la natura com espai de pr\u00e0ctica d&#8217;activitat f\u00edsica, posant en valor un dels nostres punts forts: <strong>l&#8217;entorn rural<\/strong>.<\/p>\n<p><a href=\"https:\/\/agora.xtec.cat\/ceip-santacreu-anglesola\/general\/dia-de-leducacio-fisica-al-carrer-2\/\"><img loading=\"lazy\" decoding=\"async\" class=\"alignnone wp-image-7751 size-full\" src=\"https:\/\/agora.xtec.cat\/ceip-santacreu-anglesola\/wp-content\/uploads\/usu483\/2025\/04\/Captura-de-pantalla-2025-04-10-152743.png\" alt=\"\" width=\"733\" height=\"622\" srcset=\"https:\/\/agora.xtec.cat\/ceip-santacreu-anglesola\/wp-content\/uploads\/usu483\/2025\/04\/Captura-de-pantalla-2025-04-10-152743.png 733w, https:\/\/agora.xtec.cat\/ceip-santacreu-anglesola\/wp-content\/uploads\/usu483\/2025\/04\/Captura-de-pantalla-2025-04-10-152743-300x255.png 300w\" sizes=\"auto, (max-width: 733px) 100vw, 733px\" \/><\/a><\/p>\n<p>&nbsp;<\/p>\n","protected":false},"excerpt":{"rendered":"<p>Avui dijous 10 d&#8217;abril celebrem a l&#8217;escola Santa Creu el Dia Internacional de l&#8217;Educaci\u00f3 F\u00edsica al Carrer. Els i les alumnes de 3r a 6\u00e8 han realitzat una sortida en bicicleta des de l&#8217;escola fins les Cases de Barbens, d&#8217;aquesta manera donem visibilitat a la&hellip;  <a href=\"https:\/\/agora.xtec.cat\/ceip-santacreu-anglesola\/portada\/dia-de-leducacio-fisica-al-carrer\/\" title=\"Read Dia de l&#8217;Educaci\u00f3 F\u00edsica al carrer.\">Llegeix m\u00e9s\u00bb<\/a><\/p>\n","protected":false},"author":47,"featured_media":7751,"comment_status":"closed","ping_status":"closed","sticky":false,"template":"","format":"standard","meta":{"_bbp_topic_count":0,"_bbp_reply_count":0,"_bbp_total_topic_count":0,"_bbp_total_reply_count":0,"_bbp_voice_count":0,"_bbp_anonymous_reply_count":0,"_bbp_topic_count_hidden":0,"_bbp_reply_count_hidden":0,"_bbp_forum_subforum_count":0,"footnotes":""},"categories":[12,13,14,15,4],"tags":[],"class_list":["post-7750","post","type-post","status-publish","format-standard","has-post-thumbnail","hentry","category-3r","category-4t","category-5e","category-6e","category-portada"],"post_mailing_queue_ids":[],"_links":{"self":[{"href":"https:\/\/agora.xtec.cat\/ceip-santacreu-anglesola\/wp-json\/wp\/v2\/posts\/7750","targetHints":{"allow":["GET"]}}],"collection":[{"href":"https:\/\/agora.xtec.cat\/ceip-santacreu-anglesola\/wp-json\/wp\/v2\/posts"}],"about":[{"href":"https:\/\/agora.xtec.cat\/ceip-santacreu-anglesola\/wp-json\/wp\/v2\/types\/post"}],"author":[{"embeddable":true,"href":"https:\/\/agora.xtec.cat\/ceip-santacreu-anglesola\/wp-json\/wp\/v2\/users\/47"}],"replies":[{"embeddable":true,"href":"https:\/\/agora.xtec.cat\/ceip-santacreu-anglesola\/wp-json\/wp\/v2\/comments?post=7750"}],"version-history":[{"count":2,"href":"https:\/\/agora.xtec.cat\/ceip-santacreu-anglesola\/wp-json\/wp\/v2\/posts\/7750\/revisions"}],"predecessor-version":[{"id":7755,"href":"https:\/\/agora.xtec.cat\/ceip-santacreu-anglesola\/wp-json\/wp\/v2\/posts\/7750\/revisions\/7755"}],"wp:featuredmedia":[{"embeddable":true,"href":"https:\/\/agora.xtec.cat\/ceip-santacreu-anglesola\/wp-json\/wp\/v2\/media\/7751"}],"wp:attachment":[{"href":"https:\/\/agora.xtec.cat\/ceip-santacreu-anglesola\/wp-json\/wp\/v2\/media?parent=7750"}],"wp:term":[{"taxonomy":"category","embeddable":true,"href":"https:\/\/agora.xtec.cat\/ceip-santacreu-anglesola\/wp-json\/wp\/v2\/categories?post=7750"},{"taxonomy":"post_tag","embeddable":true,"href":"https:\/\/agora.xtec.cat\/ceip-santacreu-anglesola\/wp-json\/wp\/v2\/tags?post=7750"}],"curies":[{"name":"wp","href":"https:\/\/api.w.org\/{rel}","templated":true}]}}