{"id":7738,"date":"2025-04-10T14:55:17","date_gmt":"2025-04-10T12:55:17","guid":{"rendered":"https:\/\/agora.xtec.cat\/ceip-santacreu-anglesola\/?p=7738"},"modified":"2025-04-10T14:55:17","modified_gmt":"2025-04-10T12:55:17","slug":"excursio-al-parc-del-reguer-de-tornabous-educacio-infantil","status":"publish","type":"post","link":"https:\/\/agora.xtec.cat\/ceip-santacreu-anglesola\/general\/excursio-al-parc-del-reguer-de-tornabous-educacio-infantil\/","title":{"rendered":"Excursi\u00f3 al Parc del Reguer de Tornabous. Educaci\u00f3 Infantil."},"content":{"rendered":"<p>Aquest dilluns els nens i nenes d\u2019Educaci\u00f3 Infantil vam realitzar la sortida\u00a0 de proximitat que aquest any era\u00a0 a<span style=\"color: #000000;\">l<\/span><strong><span style=\"color: #008000;\"> Parc del Reguer de Tornabous.<\/span><\/strong> Durant el dia vam realitzar diferents activitats que ens van permetre descobrir l\u2019entorn d\u2019aquest espai tan bonic .<\/p>\n<p>Al mat\u00ed van venir en Nando i en Miquel \u00c0ngel, que formen part de l&#8217;Associaci\u00f3 d&#8217;Amics del Reguer, a explicar-nos com aquest espai s\u2019anava transformant poc\u00a0 a poc amb l\u2019ajuda dels voluntaris i volunt\u00e0ries del municipi.\u00a0 En Nando ens va anar explicant cadascun dels espais del Parc i com i quan\u00a0 s\u2019havien anat fent, ens va ensenyar tamb\u00e9 unes l\u00e0mines on es podia observar la flora i la fauna, i finalment vam instal\u00b7lar en una tanca del parc\u00a0 <span style=\"color: #008000;\"><strong>un hotel d\u2019insectes amb el nom de la nostra escola.<\/strong><\/span><\/p>\n<p>Despr\u00e9s de dinar i jugar\u00a0 una estona lliurement, els nens i nenes vam fer un dibuix al natural.<\/p>\n<p>Va ser una sortida que ens va agradar molt tant als nens i nenes com als mestres\u00a0 i que de ben segur repetirem!!!!<\/p>\n<p><a href=\"https:\/\/agora.xtec.cat\/ceip-santacreu-anglesola\/?p=7743&amp;preview=true\"><img loading=\"lazy\" decoding=\"async\" class=\"alignnone wp-image-7746\" src=\"https:\/\/agora.xtec.cat\/ceip-santacreu-anglesola\/wp-content\/uploads\/usu483\/2025\/04\/reguer-1024x733.jpg\" alt=\"\" width=\"319\" height=\"228\" srcset=\"https:\/\/agora.xtec.cat\/ceip-santacreu-anglesola\/wp-content\/uploads\/usu483\/2025\/04\/reguer-1024x733.jpg 1024w, https:\/\/agora.xtec.cat\/ceip-santacreu-anglesola\/wp-content\/uploads\/usu483\/2025\/04\/reguer-300x215.jpg 300w, https:\/\/agora.xtec.cat\/ceip-santacreu-anglesola\/wp-content\/uploads\/usu483\/2025\/04\/reguer-768x550.jpg 768w, https:\/\/agora.xtec.cat\/ceip-santacreu-anglesola\/wp-content\/uploads\/usu483\/2025\/04\/reguer.jpg 1452w\" sizes=\"auto, (max-width: 319px) 100vw, 319px\" \/><\/a><\/p>\n","protected":false},"excerpt":{"rendered":"<p>Aquest dilluns els nens i nenes d\u2019Educaci\u00f3 Infantil vam realitzar la sortida\u00a0 de proximitat que aquest any era\u00a0 al Parc del Reguer de Tornabous. Durant el dia vam realitzar diferents activitats que ens van permetre descobrir l\u2019entorn d\u2019aquest espai tan bonic .<br \/>\nAl mat\u00ed van venir&hellip;  <a href=\"https:\/\/agora.xtec.cat\/ceip-santacreu-anglesola\/general\/excursio-al-parc-del-reguer-de-tornabous-educacio-infantil\/\" title=\"Read Excursi\u00f3 al Parc del Reguer de Tornabous. Educaci\u00f3 Infantil.\">Llegeix m\u00e9s\u00bb<\/a><\/p>\n","protected":false},"author":4,"featured_media":0,"comment_status":"open","ping_status":"closed","sticky":false,"template":"","format":"standard","meta":{"_bbp_topic_count":0,"_bbp_reply_count":0,"_bbp_total_topic_count":0,"_bbp_total_reply_count":0,"_bbp_voice_count":0,"_bbp_anonymous_reply_count":0,"_bbp_topic_count_hidden":0,"_bbp_reply_count_hidden":0,"_bbp_forum_subforum_count":0,"footnotes":""},"categories":[1,4],"tags":[],"class_list":["post-7738","post","type-post","status-publish","format-standard","hentry","category-general","category-portada"],"post_mailing_queue_ids":[],"_links":{"self":[{"href":"https:\/\/agora.xtec.cat\/ceip-santacreu-anglesola\/wp-json\/wp\/v2\/posts\/7738","targetHints":{"allow":["GET"]}}],"collection":[{"href":"https:\/\/agora.xtec.cat\/ceip-santacreu-anglesola\/wp-json\/wp\/v2\/posts"}],"about":[{"href":"https:\/\/agora.xtec.cat\/ceip-santacreu-anglesola\/wp-json\/wp\/v2\/types\/post"}],"author":[{"embeddable":true,"href":"https:\/\/agora.xtec.cat\/ceip-santacreu-anglesola\/wp-json\/wp\/v2\/users\/4"}],"replies":[{"embeddable":true,"href":"https:\/\/agora.xtec.cat\/ceip-santacreu-anglesola\/wp-json\/wp\/v2\/comments?post=7738"}],"version-history":[{"count":5,"href":"https:\/\/agora.xtec.cat\/ceip-santacreu-anglesola\/wp-json\/wp\/v2\/posts\/7738\/revisions"}],"predecessor-version":[{"id":7749,"href":"https:\/\/agora.xtec.cat\/ceip-santacreu-anglesola\/wp-json\/wp\/v2\/posts\/7738\/revisions\/7749"}],"wp:attachment":[{"href":"https:\/\/agora.xtec.cat\/ceip-santacreu-anglesola\/wp-json\/wp\/v2\/media?parent=7738"}],"wp:term":[{"taxonomy":"category","embeddable":true,"href":"https:\/\/agora.xtec.cat\/ceip-santacreu-anglesola\/wp-json\/wp\/v2\/categories?post=7738"},{"taxonomy":"post_tag","embeddable":true,"href":"https:\/\/agora.xtec.cat\/ceip-santacreu-anglesola\/wp-json\/wp\/v2\/tags?post=7738"}],"curies":[{"name":"wp","href":"https:\/\/api.w.org\/{rel}","templated":true}]}}