{"id":7731,"date":"2025-04-02T16:18:46","date_gmt":"2025-04-02T14:18:46","guid":{"rendered":"https:\/\/agora.xtec.cat\/ceip-santacreu-anglesola\/?p=7731"},"modified":"2025-04-23T10:23:30","modified_gmt":"2025-04-23T08:23:30","slug":"recomanacions-sant-jordi-2025","status":"publish","type":"post","link":"https:\/\/agora.xtec.cat\/ceip-santacreu-anglesola\/portada\/recomanacions-sant-jordi-2025\/","title":{"rendered":"RECOMANACIONS SANT JORDI 2025"},"content":{"rendered":"<p>Com cada curs des de l&#8217;escola us volem ajudar a triar llibres i c\u00f2mics per poder regalar aquest Sant Jordi. La lectura \u00e9s una font de cultura i coneixement que servir\u00e0 de base per als futurs aprenentatges dels nostres infants.<\/p>\n<p>Per aix\u00f2 us enviem uns enlla\u00e7os on trobareu recomanacions que us poden servir durant tot l\u2019any.<\/p>\n<ul>\n<li style=\"list-style-type: none;\">\n<ul>\n<li><a href=\"https:\/\/bibliotecavirtual.diba.cat\/ca\/comics\/llistat-recomanacions\" target=\"_blank\" rel=\"noopener\">Recomanacions xarxa de biblioteques municipals:<\/a> recomanacions de c\u00f2mics.<\/li>\n<li><a href=\"https:\/\/gretel.cat\/recomanacions-lij\/\" target=\"_blank\" rel=\"noopener\">Recomanacions Gretel\u00a0<\/a>: Recomanacions del grup GRETEL (Grup de Recerca de literatura infantil i juvenil i educaci\u00f3 liter\u00e0ria de la Universitat Aut\u00f2noma de Barcelona). Podeu filtrar per edats.<\/li>\n<li><a href=\"https:\/\/www.puntvalles.cat\/reportatge\/249915\/sant-jordi-2025-quins-llibres-infantils-comprar-per-st-jordi\" target=\"_blank\" rel=\"noopener\">Sant Jordi 2025:<\/a> Reportatge amb recomanacions de llibres per a infant i adolescents. Estan posats per trams d&#8217;edat.<\/li>\n<li><a href=\"https:\/\/activitum.cat\/recomanacions-sant-jordi-2025\/\" target=\"_blank\" rel=\"noopener\">Recomanacions infantils i juvenils<\/a>: portal d&#8217;activitats educatives de Catalunya.<\/li>\n<\/ul>\n<\/li>\n<\/ul>\n<p>Bona lectura, per Sant Jordi i sempre \ud83d\ude09<\/p>\n<p><img loading=\"lazy\" decoding=\"async\" class=\"aligncenter size-full wp-image-7733\" src=\"https:\/\/agora.xtec.cat\/ceip-santacreu-anglesola\/wp-content\/uploads\/usu483\/2025\/04\/1.jpg\" alt=\"\" width=\"299\" height=\"168\" \/><\/p>\n","protected":false},"excerpt":{"rendered":"<p>Com cada curs des de l&#8217;escola us volem ajudar a triar llibres i c\u00f2mics per poder regalar aquest Sant Jordi. La lectura \u00e9s una font de cultura i coneixement que servir\u00e0 de base per als futurs aprenentatges dels nostres infants.<br \/>\nPer aix\u00f2 us enviem uns enlla\u00e7os&hellip;  <a href=\"https:\/\/agora.xtec.cat\/ceip-santacreu-anglesola\/portada\/recomanacions-sant-jordi-2025\/\" title=\"Read RECOMANACIONS SANT JORDI 2025\">Llegeix m\u00e9s\u00bb<\/a><\/p>\n","protected":false},"author":11,"featured_media":0,"comment_status":"open","ping_status":"closed","sticky":false,"template":"","format":"standard","meta":{"_bbp_topic_count":0,"_bbp_reply_count":0,"_bbp_total_topic_count":0,"_bbp_total_reply_count":0,"_bbp_voice_count":0,"_bbp_anonymous_reply_count":0,"_bbp_topic_count_hidden":0,"_bbp_reply_count_hidden":0,"_bbp_forum_subforum_count":0,"footnotes":""},"categories":[54,4],"tags":[],"class_list":["post-7731","post","type-post","status-publish","format-standard","hentry","category-articles","category-portada"],"post_mailing_queue_ids":[],"_links":{"self":[{"href":"https:\/\/agora.xtec.cat\/ceip-santacreu-anglesola\/wp-json\/wp\/v2\/posts\/7731","targetHints":{"allow":["GET"]}}],"collection":[{"href":"https:\/\/agora.xtec.cat\/ceip-santacreu-anglesola\/wp-json\/wp\/v2\/posts"}],"about":[{"href":"https:\/\/agora.xtec.cat\/ceip-santacreu-anglesola\/wp-json\/wp\/v2\/types\/post"}],"author":[{"embeddable":true,"href":"https:\/\/agora.xtec.cat\/ceip-santacreu-anglesola\/wp-json\/wp\/v2\/users\/11"}],"replies":[{"embeddable":true,"href":"https:\/\/agora.xtec.cat\/ceip-santacreu-anglesola\/wp-json\/wp\/v2\/comments?post=7731"}],"version-history":[{"count":3,"href":"https:\/\/agora.xtec.cat\/ceip-santacreu-anglesola\/wp-json\/wp\/v2\/posts\/7731\/revisions"}],"predecessor-version":[{"id":7776,"href":"https:\/\/agora.xtec.cat\/ceip-santacreu-anglesola\/wp-json\/wp\/v2\/posts\/7731\/revisions\/7776"}],"wp:attachment":[{"href":"https:\/\/agora.xtec.cat\/ceip-santacreu-anglesola\/wp-json\/wp\/v2\/media?parent=7731"}],"wp:term":[{"taxonomy":"category","embeddable":true,"href":"https:\/\/agora.xtec.cat\/ceip-santacreu-anglesola\/wp-json\/wp\/v2\/categories?post=7731"},{"taxonomy":"post_tag","embeddable":true,"href":"https:\/\/agora.xtec.cat\/ceip-santacreu-anglesola\/wp-json\/wp\/v2\/tags?post=7731"}],"curies":[{"name":"wp","href":"https:\/\/api.w.org\/{rel}","templated":true}]}}