{"id":7721,"date":"2025-04-02T12:12:05","date_gmt":"2025-04-02T10:12:05","guid":{"rendered":"https:\/\/agora.xtec.cat\/ceip-santacreu-anglesola\/?p=7721"},"modified":"2025-04-02T12:13:42","modified_gmt":"2025-04-02T10:13:42","slug":"jornada-atletica","status":"publish","type":"post","link":"https:\/\/agora.xtec.cat\/ceip-santacreu-anglesola\/general\/jornada-atletica\/","title":{"rendered":"JORNADA ATL\u00c8TICA"},"content":{"rendered":"<p>El dimarts 1 d&#8217;abril diferents escoles de l&#8217;Urgell ens vam trobar a les pistes d&#8217;atletisme de Mollerussa per participar en les jornades atl\u00e8tiques organitzades pels mestres d&#8217;educaci\u00f3 f\u00edsica de les diferents escoles i per l&#8217;alumnat i professorat del cicle mitj\u00e0 d&#8217;esports de l&#8217;institut de Mollerussa.<\/p>\n<p>Durant tot el mat\u00ed l&#8217;alumnat va poder provar diferents disciplines de l&#8217;atletisme (llan\u00e7aments, curses, salts&#8230;) mentre competien amb les altres escoles. Va ser una jornada esportiva magn\u00edfica acompanyada per un dia espl\u00e8ndid.<\/p>\n<p>Per veure les fotos cliqueu a la imatge&#8230;<\/p>\n<p><a href=\"https:\/\/agora.xtec.cat\/ceip-santacreu-anglesola\/general\/jornada-atletica-ocult\/\" target=\"_blank\" rel=\"noopener\"><img loading=\"lazy\" decoding=\"async\" class=\"aligncenter size-full wp-image-7722\" src=\"https:\/\/agora.xtec.cat\/ceip-santacreu-anglesola\/wp-content\/uploads\/usu483\/2025\/04\/1.png\" alt=\"\" width=\"222\" height=\"227\" \/><\/a><\/p>\n","protected":false},"excerpt":{"rendered":"<p>El dimarts 1 d&#8217;abril diferents escoles de l&#8217;Urgell ens vam trobar a les pistes d&#8217;atletisme de Mollerussa per participar en les jornades atl\u00e8tiques organitzades pels mestres d&#8217;educaci\u00f3 f\u00edsica de les diferents escoles i per l&#8217;alumnat i professorat del cicle mitj\u00e0 d&#8217;esports de l&#8217;institut de Mollerussa.<br \/>\nDurant&hellip;  <a href=\"https:\/\/agora.xtec.cat\/ceip-santacreu-anglesola\/general\/jornada-atletica\/\" title=\"Read JORNADA ATL\u00c8TICA\">Llegeix m\u00e9s\u00bb<\/a><\/p>\n","protected":false},"author":11,"featured_media":0,"comment_status":"open","ping_status":"closed","sticky":false,"template":"","format":"standard","meta":{"_bbp_topic_count":0,"_bbp_reply_count":0,"_bbp_total_topic_count":0,"_bbp_total_reply_count":0,"_bbp_voice_count":0,"_bbp_anonymous_reply_count":0,"_bbp_topic_count_hidden":0,"_bbp_reply_count_hidden":0,"_bbp_forum_subforum_count":0,"footnotes":""},"categories":[14,1,4],"tags":[],"class_list":["post-7721","post","type-post","status-publish","format-standard","hentry","category-5e","category-general","category-portada"],"post_mailing_queue_ids":[],"_links":{"self":[{"href":"https:\/\/agora.xtec.cat\/ceip-santacreu-anglesola\/wp-json\/wp\/v2\/posts\/7721","targetHints":{"allow":["GET"]}}],"collection":[{"href":"https:\/\/agora.xtec.cat\/ceip-santacreu-anglesola\/wp-json\/wp\/v2\/posts"}],"about":[{"href":"https:\/\/agora.xtec.cat\/ceip-santacreu-anglesola\/wp-json\/wp\/v2\/types\/post"}],"author":[{"embeddable":true,"href":"https:\/\/agora.xtec.cat\/ceip-santacreu-anglesola\/wp-json\/wp\/v2\/users\/11"}],"replies":[{"embeddable":true,"href":"https:\/\/agora.xtec.cat\/ceip-santacreu-anglesola\/wp-json\/wp\/v2\/comments?post=7721"}],"version-history":[{"count":2,"href":"https:\/\/agora.xtec.cat\/ceip-santacreu-anglesola\/wp-json\/wp\/v2\/posts\/7721\/revisions"}],"predecessor-version":[{"id":7726,"href":"https:\/\/agora.xtec.cat\/ceip-santacreu-anglesola\/wp-json\/wp\/v2\/posts\/7721\/revisions\/7726"}],"wp:attachment":[{"href":"https:\/\/agora.xtec.cat\/ceip-santacreu-anglesola\/wp-json\/wp\/v2\/media?parent=7721"}],"wp:term":[{"taxonomy":"category","embeddable":true,"href":"https:\/\/agora.xtec.cat\/ceip-santacreu-anglesola\/wp-json\/wp\/v2\/categories?post=7721"},{"taxonomy":"post_tag","embeddable":true,"href":"https:\/\/agora.xtec.cat\/ceip-santacreu-anglesola\/wp-json\/wp\/v2\/tags?post=7721"}],"curies":[{"name":"wp","href":"https:\/\/api.w.org\/{rel}","templated":true}]}}