{"id":7669,"date":"2025-03-26T17:33:52","date_gmt":"2025-03-26T16:33:52","guid":{"rendered":"https:\/\/agora.xtec.cat\/ceip-santacreu-anglesola\/?p=7669"},"modified":"2025-03-31T10:45:11","modified_gmt":"2025-03-31T08:45:11","slug":"diari-de-colonies-a-la-carral-2","status":"publish","type":"post","link":"https:\/\/agora.xtec.cat\/ceip-santacreu-anglesola\/general\/diari-de-colonies-a-la-carral-2\/","title":{"rendered":"Diari de col\u00f2nies a La Carral"},"content":{"rendered":"<p align=\"justify\">Dimecres 26 de mar\u00e7<\/p>\n<p align=\"justify\">Hem comen\u00e7at el dia amb molta il\u00b7lusi\u00f3 i moltes ganes de passar-ho d\u2019all\u00f2 m\u00e9s b\u00e9! Durant el viatge hem gaudit d\u2019un paisatge preci\u00f3s i hem cantat can\u00e7ons.<\/p>\n<p align=\"justify\">Quan hem arribat a La Carral ja ens estava esperant la Lucia, que, juntament amb la N\u00faria, seran les nostres monitores. Hem esmorzat mentre escolt\u00e0vem totes les explicacions de la Luc\u00eda referents a l\u2019organitzaci\u00f3, normes de funcionament, etc. I despr\u00e9s d\u2019aprendre la can\u00e7\u00f3 de La Carral, hem anat a jugar.<\/p>\n<p align=\"justify\">A la 1 hem dinat arr\u00f2s amb tomata, tall arrebossat amb patates de bossa i de postre flam amb galeta napolitana. Hem repetit i tot! Seguidament hem tingut una estona de joc lliure. A les 3 hem comen\u00e7at les activitats. Cicle Inicial l\u2019\u00bbAventura dels Indis\u00bb i Cicle Mitj\u00e0 Observaci\u00f3 del paisatge i M\u00e0gia.<\/p>\n<p align=\"justify\">A la nit ens ho hem passat pipa amb els jocs de nit pel bosc amb les llanternes! Molt emocionant! I a les habitacions tamb\u00e9 ens ho hem passat molt b\u00e9! Ens ha costat una mica dormir, no sempre podem dormir amb tants amics i amigues!<\/p>\n<p align=\"justify\">Dijous 27 de mar\u00e7<\/p>\n<p align=\"justify\">Molt aviat ja ens hem comen\u00e7at a despertar i la m\u00fasica ens ha acabat de desvetllar a les 8 del mat\u00ed. Hem obert la finestra i hem vist que el dia s&#8217;havia despertat amb boira i que seria un dia fresquet. I fresquet ha estat, malgrat el sol que ha acabat sortint. Per\u00f2 tot i la boira matinal i la fresqueta, hem gaudit de totes les activitats programades.<\/p>\n<p align=\"justify\">Al mat\u00ed Cicle Inicial hem fet una gimcana que ha acabat al T\u00fanel de les Sorpreses, un t\u00fanel ple de laberints de colors piscines de boles de colors. Cicle Mitj\u00e0 hem fet la gimcana dels indis i hem fet cabanes al bosc.<\/p>\n<p align=\"justify\">Hem dinat unes llenties bon\u00edssimes i hem celebrat l&#8217;aniversari de l&#8217;Aina! Felicitats Aina!<\/p>\n<p align=\"justify\">A la tarda Cicle Inicial ens hem convertit en pirates! I Cicle Mitj\u00e0, despr\u00e9s de fer unes manualitats reproduint les petjades dels animals del bosc i despr\u00e9s ens hem convertit en artistes de circ!<\/p>\n<p align=\"justify\">Despr\u00e9s de les activitats de tarda ha tocat dutxar-nos i posar-nos ben eixerits per les activitats de nit. Havent sopat, hem jugat, hem cantat i hem ballat a la disco! Una \u00faltima nit fant\u00e0stica! Avui no ens ha costat gaire dormir, ja port\u00e0vem m\u00e9s cansament acumulat.<\/p>\n<p align=\"justify\">Divendres 28 de mar\u00e7<\/p>\n<p align=\"justify\">Avui al mat\u00ed ens hem despertat m\u00e9s tard. Necessit\u00e0vem descansar&#8230;Hem fet les motxilles, maletes, plegat els sacs (que no \u00e9s una tasca f\u00e0cil!)&#8230;i despr\u00e9s hem fet les \u00faltimes activitats de les col\u00f2nies. Ens voldr\u00edem quedar m\u00e9s dies!<\/p>\n<p align=\"justify\">L&#8217;\u00faltim dia vam visitar la granja i vam fer jocs, ens ho vam passa super b\u00e9! L&#8217;\u00faltim \u00e0pat ha sigut el dinar i ens han donat macarrons i pollastre al forn. De postres hem tingut gelat i estava bon\u00edssim, ens han deixat triar entre gust de maduixa, llimona o xocolata i vainilla. Despr\u00e9s de dinar hem jugat una estona i hem dit ad\u00e9u a la Luc\u00eda i a la N\u00faria, ha sigut un moment molt bonic i una mica trist ja que ens ha fet una mica de pena haver-los de dir ad\u00e9u.<\/p>\n<p align=\"justify\">Finalment, hem agafat totes les maletes i hem pujat a l&#8217;autob\u00fas. Est\u00e0vem tan cansats que molts hem dormit una mica durant el trajecte de tornada. Hem arribat a Anglesola ben cansats per\u00f2 molt contents de l&#8217;experi\u00e8ncia viscuda. Han sigut tres dies on ens ho hem passat molt b\u00e9 i hem apr\u00e8s a conviure tots junts, ha sigut una experi\u00e8ncia fant\u00e0stica! Ja tenim ganes de tornar-hi!!<\/p>\n<p align=\"justify\">Per veure les imatges cliqueu a la motxilla.<\/p>\n<p align=\"justify\"><a href=\"https:\/\/agora.xtec.cat\/ceip-santacreu-anglesola\/general\/diari-de-colonies-a-la-carral\/\"><strong><img loading=\"lazy\" decoding=\"async\" class=\"https:\/\/agora.xtec.cat\/ceip-santacreu-anglesola\/general\/diari-de-colonies-a-la-carral\/ aligncenter\" src=\"https:\/\/encrypted-tbn0.gstatic.com\/images?q=tbn:ANd9GcQtruKOHcHSw0reRMV4TcM33rid7nHMBIpE2g&amp;s\" alt=\"\" width=\"225\" height=\"225\" data-ilt=\"1743000775781\" \/><\/strong><\/a><\/p>\n","protected":false},"excerpt":{"rendered":"<p>Dimecres 26 de mar\u00e7<br \/>\nHem comen\u00e7at el dia amb molta il\u00b7lusi\u00f3 i moltes ganes de passar-ho d\u2019all\u00f2 m\u00e9s b\u00e9! Durant el viatge hem gaudit d\u2019un paisatge preci\u00f3s i hem cantat can\u00e7ons.<br \/>\nQuan hem arribat a La Carral ja ens estava esperant la Lucia, que, juntament amb la&hellip;  <a href=\"https:\/\/agora.xtec.cat\/ceip-santacreu-anglesola\/general\/diari-de-colonies-a-la-carral-2\/\" title=\"Read Diari de col\u00f2nies a La Carral\">Llegeix m\u00e9s\u00bb<\/a><\/p>\n","protected":false},"author":3,"featured_media":7679,"comment_status":"open","ping_status":"closed","sticky":false,"template":"","format":"standard","meta":{"_bbp_topic_count":0,"_bbp_reply_count":0,"_bbp_total_topic_count":0,"_bbp_total_reply_count":0,"_bbp_voice_count":0,"_bbp_anonymous_reply_count":0,"_bbp_topic_count_hidden":0,"_bbp_reply_count_hidden":0,"_bbp_forum_subforum_count":0,"footnotes":""},"categories":[1,4],"tags":[],"class_list":["post-7669","post","type-post","status-publish","format-standard","has-post-thumbnail","hentry","category-general","category-portada"],"post_mailing_queue_ids":[],"_links":{"self":[{"href":"https:\/\/agora.xtec.cat\/ceip-santacreu-anglesola\/wp-json\/wp\/v2\/posts\/7669","targetHints":{"allow":["GET"]}}],"collection":[{"href":"https:\/\/agora.xtec.cat\/ceip-santacreu-anglesola\/wp-json\/wp\/v2\/posts"}],"about":[{"href":"https:\/\/agora.xtec.cat\/ceip-santacreu-anglesola\/wp-json\/wp\/v2\/types\/post"}],"author":[{"embeddable":true,"href":"https:\/\/agora.xtec.cat\/ceip-santacreu-anglesola\/wp-json\/wp\/v2\/users\/3"}],"replies":[{"embeddable":true,"href":"https:\/\/agora.xtec.cat\/ceip-santacreu-anglesola\/wp-json\/wp\/v2\/comments?post=7669"}],"version-history":[{"count":8,"href":"https:\/\/agora.xtec.cat\/ceip-santacreu-anglesola\/wp-json\/wp\/v2\/posts\/7669\/revisions"}],"predecessor-version":[{"id":7720,"href":"https:\/\/agora.xtec.cat\/ceip-santacreu-anglesola\/wp-json\/wp\/v2\/posts\/7669\/revisions\/7720"}],"wp:featuredmedia":[{"embeddable":true,"href":"https:\/\/agora.xtec.cat\/ceip-santacreu-anglesola\/wp-json\/wp\/v2\/media\/7679"}],"wp:attachment":[{"href":"https:\/\/agora.xtec.cat\/ceip-santacreu-anglesola\/wp-json\/wp\/v2\/media?parent=7669"}],"wp:term":[{"taxonomy":"category","embeddable":true,"href":"https:\/\/agora.xtec.cat\/ceip-santacreu-anglesola\/wp-json\/wp\/v2\/categories?post=7669"},{"taxonomy":"post_tag","embeddable":true,"href":"https:\/\/agora.xtec.cat\/ceip-santacreu-anglesola\/wp-json\/wp\/v2\/tags?post=7669"}],"curies":[{"name":"wp","href":"https:\/\/api.w.org\/{rel}","templated":true}]}}