{"id":7651,"date":"2025-03-24T16:21:04","date_gmt":"2025-03-24T15:21:04","guid":{"rendered":"https:\/\/agora.xtec.cat\/ceip-santacreu-anglesola\/?p=7651"},"modified":"2025-03-27T11:04:35","modified_gmt":"2025-03-27T10:04:35","slug":"qudern-de-bitacola-colonies-cicle-superior","status":"publish","type":"post","link":"https:\/\/agora.xtec.cat\/ceip-santacreu-anglesola\/general\/qudern-de-bitacola-colonies-cicle-superior\/","title":{"rendered":"QUADERN DE BIT\u00c0COLA (col\u00f2nies cicle superior)"},"content":{"rendered":"<p><strong>DILLUNS 24 DE MAR\u00c7<\/strong><\/p>\n<p>Avui de bon mat\u00ed ja estava tothom preparat amb motxilles i maletes per comen\u00e7ar les esperades col\u00f2nies\u00a0a <strong>LA GRANJA<\/strong>, la nostra casa durant els propers 4 dies. El viatge \u00e9s tranquil, tot i que la pluja sembla que no donar\u00e0 treva.<\/p>\n<p>Just arribar ens esperen els nostres monitors, el Marc i la J\u00falia. Ens ensenyen la casa on dormirem i ens repartim en tres habitacions. Despr\u00e9s ja comencem les activitats, on treballarem el treball en equip mentre practiquem l\u2019angl\u00e8s. Hem gaudit de les activitats, totes amenitzades per una incessant pluja que ens va acompanyant durant tot el dia.<\/p>\n<p>Per cert, el dinar molt nutritiu, arr\u00f2s, hamburguesa amb patates i pera.<\/p>\n<p>A la nit, gaudirem de les activitats que ens hagin preparat els nostres monitors, ja sigui el pla A, el B o el C&#8230;:)<\/p>\n<p><img loading=\"lazy\" decoding=\"async\" class=\"aligncenter size-full wp-image-7655\" src=\"https:\/\/agora.xtec.cat\/ceip-santacreu-anglesola\/wp-content\/uploads\/usu483\/2025\/03\/1.jpg\" alt=\"\" width=\"201\" height=\"251\" \/><\/p>\n<p>&nbsp;<\/p>\n<p><strong>DIMARTS 25 DE MAR\u00c7<\/strong><\/p>\n<p>Comencem el primer dia sencer a\u00a0<strong>La Granja<\/strong> despr\u00e9s d\u2019una nit tranquil\u00b7la on hem descansat for\u00e7a hores. Al mat\u00ed hem estat molt matiners i ens hem al\u00e7at amb ganes de sol i preparats per un bon esmorzar. Despr\u00e9s hem comen\u00e7at les activitats de mat\u00ed: el tobogan vermell, l&#8217;Indiana Jones i la visita als animals de la granja.<\/p>\n<p>En aquestes activitats s\u2019ha treballat la confian\u00e7a en els altres, la cohesi\u00f3 de grup i la paci\u00e8ncia. Com podeu veure a les fotos, ens ho hem passat genial.<\/p>\n<p>A l\u2019hora de dinar pasta i pollastre. De postres fruita (pera). Despr\u00e9s una mica de temps lliure per rentar-se les dents i recuperar forces. Durant aquesta estona hem aprofitat per gaudir d&#8217;uns bons massatges de peus amb fang del Montseny.<\/p>\n<p>Les activitats de tarda han refor\u00e7at l&#8217;esperit de superaci\u00f3 i l&#8217;autoconfian\u00e7a per superar obstacles mitjan\u00e7ant el\u00a0<strong>roc\u00f2drom.\u00a0<\/strong><\/p>\n<p>A la nit, travessarem el bosc amb les llanternes i&#8230;sense!!!<\/p>\n<p>Per cert, el sol comen\u00e7a a fer acte de pres\u00e8ncia, tot i que la pluja encara no ens vol abandonar. \ud83d\ude42<\/p>\n<p><strong>DIMECRES 26 DE MAR\u00c7<\/strong><\/p>\n<p>Ens despertem amb les piles carregades despr\u00e9s d\u2019una nit tranquil\u00b7la i reparadora. Esmorzem cereals amb llet i entrepans de pernil dol\u00e7 i formatge per comen\u00e7ar les activitats matinals plens d\u2019energia i bon humor. Les activitats han estat: <strong>equitaci\u00f3 i fer cabanes<\/strong>.<\/p>\n<p>En aquestes activitats s\u2019ha treballat l\u2019angoixa, la cohesi\u00f3 de grup i el treball en equip. Ha estat genial poder interactuar amb els cavalls!<\/p>\n<p>A l\u2019hora de dinar llenties, salsitxes i patates xips. De postres fruita (mandarina). Despr\u00e9s una mica de temps lliure per rentar-se les dents i recuperar forces.<\/p>\n<p>Les activitats de tarda han refor\u00e7at la comunicaci\u00f3, la superaci\u00f3 d&#8217;obstacles, l&#8217;alliberament de tensions i la gesti\u00f3 de la ira mitjan\u00e7ant el <strong>Pont Xin\u00e8s, el tobogan i la visita als animals de la granja.<\/strong><\/p>\n<p>Finalment, per moure\u2019ns i c\u00f3rrer, el Marc i la J\u00falia ens proposen caminar pel bosc per sentir la bellesa de la natura del Montseny.<\/p>\n<p>Ara ja s\u2019apropa la nit i una de les activitats preferides de totes les col\u00f2nies: la <strong>nit de la disco<\/strong>!!!<\/p>\n<p><strong>DIJOUS 27 DE MAR\u00c7<\/strong><\/p>\n<p>Arribem a l\u2019\u00faltim dia de les col\u00f2nies, recollim les &#8220;lleoneres&#8221; i anem a gaudir de les \u00faltimes hores a La Granja acompanyats d&#8217;un sol magn\u00edfic. Han estat 4 dies fant\u00e0stics amb uns monitors espectaculars. Moltes gr\u00e0cies Marc i J\u00falia, ens heu fet xalar d&#8217;all\u00f2 m\u00e9s.<\/p>\n<p>Ja nom\u00e9s ens queda acabar tornar cap a casa per poder explicar totes les aventures que hem passat amb un grup m\u00e9s cohesionat que abans de venir \ud83d\ude09<\/p>\n<p><strong>FOTOS (actualitzades 27-3-2025)<\/strong><\/p>\n<p><a href=\"https:\/\/agora.xtec.cat\/ceip-santacreu-anglesola\/general\/quadern-de-bitacola-colonies-cicle-superior-ocult-4\/\" target=\"_blank\" rel=\"noopener\"><img loading=\"lazy\" decoding=\"async\" class=\"aligncenter wp-image-6710 size-full\" src=\"https:\/\/agora.xtec.cat\/ceip-santacreu-anglesola\/wp-content\/uploads\/usu483\/2024\/03\/1.png\" sizes=\"auto, (max-width: 225px) 100vw, 225px\" srcset=\"https:\/\/agora.xtec.cat\/ceip-santacreu-anglesola\/wp-content\/uploads\/usu483\/2024\/03\/1.png 225w, https:\/\/agora.xtec.cat\/ceip-santacreu-anglesola\/wp-content\/uploads\/usu483\/2024\/03\/1-150x150.png 150w\" alt=\"\" width=\"225\" height=\"225\" \/><\/a><\/p>\n","protected":false},"excerpt":{"rendered":"<p>DILLUNS 24 DE MAR\u00c7<br \/>\nAvui de bon mat\u00ed ja estava tothom preparat amb motxilles i maletes per comen\u00e7ar les esperades col\u00f2nies\u00a0a LA GRANJA, la nostra casa durant els propers 4 dies. El viatge \u00e9s tranquil, tot i que la pluja sembla que no donar\u00e0 treva.<br \/>\nJust arribar&hellip;  <a href=\"https:\/\/agora.xtec.cat\/ceip-santacreu-anglesola\/general\/qudern-de-bitacola-colonies-cicle-superior\/\" title=\"Read QUADERN DE BIT\u00c0COLA (col\u00f2nies cicle superior)\">Llegeix m\u00e9s\u00bb<\/a><\/p>\n","protected":false},"author":11,"featured_media":0,"comment_status":"open","ping_status":"closed","sticky":false,"template":"","format":"standard","meta":{"_bbp_topic_count":0,"_bbp_reply_count":0,"_bbp_total_topic_count":0,"_bbp_total_reply_count":0,"_bbp_voice_count":0,"_bbp_anonymous_reply_count":0,"_bbp_topic_count_hidden":0,"_bbp_reply_count_hidden":0,"_bbp_forum_subforum_count":0,"footnotes":""},"categories":[14,15,1,4,5],"tags":[],"class_list":["post-7651","post","type-post","status-publish","format-standard","hentry","category-5e","category-6e","category-general","category-portada","category-primaria"],"post_mailing_queue_ids":[],"_links":{"self":[{"href":"https:\/\/agora.xtec.cat\/ceip-santacreu-anglesola\/wp-json\/wp\/v2\/posts\/7651","targetHints":{"allow":["GET"]}}],"collection":[{"href":"https:\/\/agora.xtec.cat\/ceip-santacreu-anglesola\/wp-json\/wp\/v2\/posts"}],"about":[{"href":"https:\/\/agora.xtec.cat\/ceip-santacreu-anglesola\/wp-json\/wp\/v2\/types\/post"}],"author":[{"embeddable":true,"href":"https:\/\/agora.xtec.cat\/ceip-santacreu-anglesola\/wp-json\/wp\/v2\/users\/11"}],"replies":[{"embeddable":true,"href":"https:\/\/agora.xtec.cat\/ceip-santacreu-anglesola\/wp-json\/wp\/v2\/comments?post=7651"}],"version-history":[{"count":6,"href":"https:\/\/agora.xtec.cat\/ceip-santacreu-anglesola\/wp-json\/wp\/v2\/posts\/7651\/revisions"}],"predecessor-version":[{"id":7688,"href":"https:\/\/agora.xtec.cat\/ceip-santacreu-anglesola\/wp-json\/wp\/v2\/posts\/7651\/revisions\/7688"}],"wp:attachment":[{"href":"https:\/\/agora.xtec.cat\/ceip-santacreu-anglesola\/wp-json\/wp\/v2\/media?parent=7651"}],"wp:term":[{"taxonomy":"category","embeddable":true,"href":"https:\/\/agora.xtec.cat\/ceip-santacreu-anglesola\/wp-json\/wp\/v2\/categories?post=7651"},{"taxonomy":"post_tag","embeddable":true,"href":"https:\/\/agora.xtec.cat\/ceip-santacreu-anglesola\/wp-json\/wp\/v2\/tags?post=7651"}],"curies":[{"name":"wp","href":"https:\/\/api.w.org\/{rel}","templated":true}]}}